{"id":250,"date":"2020-11-13T19:09:22","date_gmt":"2020-11-13T18:09:22","guid":{"rendered":"http:\/\/protecnic.gpnetsolutions.com\/lorem-ipsum-dolor-sit-amet-copy\/"},"modified":"2021-06-23T09:51:53","modified_gmt":"2021-06-23T07:51:53","slug":"protecnic-obtiene-la-ayuda-del-programa-para-la-mejora-de-la-competitividad-y-la-sostenibilidad","status":"publish","type":"post","link":"https:\/\/protecnic.es\/en\/protecnic-obtiene-la-ayuda-del-programa-para-la-mejora-de-la-competitividad-y-la-sostenibilidad\/","title":{"rendered":"PROTECNIC, OBTIENE LA AYUDA DEL PROGRAMA PARA LA MEJORA DE LA COMPETITIVIDAD Y LA SOSTENIBILIDAD"},"content":{"rendered":"<div data-elementor-type=\"wp-post\" data-elementor-id=\"250\" class=\"elementor elementor-250\" data-elementor-post-type=\"post\">\n\t\t\t\t\t\t<section class=\"elementor-section elementor-top-section elementor-element elementor-element-14cda8b9 elementor-section-boxed elementor-section-height-default elementor-section-height-default\" data-id=\"14cda8b9\" data-element_type=\"section\">\n\t\t\t\t\t\t<div class=\"elementor-container elementor-column-gap-default\">\n\t\t\t\t\t<div class=\"elementor-column elementor-col-100 elementor-top-column elementor-element elementor-element-67c5397a\" data-id=\"67c5397a\" data-element_type=\"column\">\n\t\t\t<div class=\"elementor-widget-wrap elementor-element-populated\">\n\t\t\t\t\t\t<div class=\"elementor-element elementor-element-7eeb127a elementor-widget elementor-widget-text-editor\" data-id=\"7eeb127a\" data-element_type=\"widget\" data-widget_type=\"text-editor.default\">\n\t\t\t\t<div class=\"elementor-widget-container\">\n\t\t\t\t\t\t\t<span style=\"font-weight: 400;\">Tras participar en el programa de mejora de la competitividad y sostenibilidad de las pymes industriales del sector metal-mec\u00e1nico, dentro de la tercera fase de implantaci\u00f3n del Plan estrat\u00e9gico de la industria valenciana, en la convocatoria de 2020, el proyecto de la Empresa T\u00c9CNICAS Y APLICACIONES PRODUCTIVAS, S.L. &#8211; PROTECNIC, ha sido seleccionado por la Conselleria de Econom\u00eda Sostenible, Sectores Productivos, Comercio y Trabajo con la subvenci\u00f3n de 72.975,00\u20ac.<\/span>\n\n&nbsp;\t\t\t\t\t\t<\/div>\n\t\t\t\t<\/div>\n\t\t\t\t\t<\/div>\n\t\t<\/div>\n\t\t\t\t\t<\/div>\n\t\t<\/section>\n\t\t\t\t<section class=\"elementor-section elementor-top-section elementor-element elementor-element-18434fc elementor-section-boxed elementor-section-height-default elementor-section-height-default\" data-id=\"18434fc\" data-element_type=\"section\">\n\t\t\t\t\t\t<div class=\"elementor-container elementor-column-gap-default\">\n\t\t\t\t\t<div class=\"elementor-column elementor-col-100 elementor-top-column elementor-element elementor-element-2c8633f\" data-id=\"2c8633f\" data-element_type=\"column\">\n\t\t\t<div class=\"elementor-widget-wrap elementor-element-populated\">\n\t\t\t\t\t\t<div class=\"elementor-element elementor-element-3f99761 elementor-widget elementor-widget-image\" data-id=\"3f99761\" data-element_type=\"widget\" data-widget_type=\"image.default\">\n\t\t\t\t<div class=\"elementor-widget-container\">\n\t\t\t\t\t\t\t\t\t\t\t\t\t<img decoding=\"async\" width=\"300\" height=\"166\" src=\"https:\/\/protecnic.es\/wp-content\/uploads\/2020\/11\/NOTICIA-AYUDA-2-300x166.jpg\" class=\"attachment-medium size-medium wp-image-678\" alt=\"\" srcset=\"https:\/\/protecnic.es\/wp-content\/uploads\/2020\/11\/NOTICIA-AYUDA-2-300x166.jpg 300w, https:\/\/protecnic.es\/wp-content\/uploads\/2020\/11\/NOTICIA-AYUDA-2-16x9.jpg 16w, https:\/\/protecnic.es\/wp-content\/uploads\/2020\/11\/NOTICIA-AYUDA-2.jpg 435w\" sizes=\"(max-width: 300px) 100vw, 300px\" \/>\t\t\t\t\t\t\t\t\t\t\t\t\t<\/div>\n\t\t\t\t<\/div>\n\t\t\t\t\t<\/div>\n\t\t<\/div>\n\t\t\t\t\t<\/div>\n\t\t<\/section>\n\t\t\t\t<\/div>\n\t\t  <div class=\"related-post grid\">\r\n      <div class=\"post-list\">\r\n\r\n            <div class=\"item\">\r\n            <div class=\"thumb post_thumb\">\r\n    <a  title=\"PROTECNIC, OBTIENE LA AYUDA DEL PROGRAMA PARA LA MEJORA DE LA COMPETITIVIDAD Y LA SOSTENIBILIDAD\" href=\"https:\/\/protecnic.es\/en\/protecnic-obtiene-la-ayuda-del-programa-para-la-mejora-de-la-competitividad-y-la-sostenibilidad\/?related_post_from=250\">\r\n\r\n      <img fetchpriority=\"high\" decoding=\"async\" width=\"435\" height=\"240\" src=\"https:\/\/protecnic.es\/wp-content\/uploads\/2020\/11\/NOTICIA-AYUDA-2.jpg\" class=\"attachment-full size-full wp-post-image\" alt=\"\" srcset=\"https:\/\/protecnic.es\/wp-content\/uploads\/2020\/11\/NOTICIA-AYUDA-2.jpg 435w, https:\/\/protecnic.es\/wp-content\/uploads\/2020\/11\/NOTICIA-AYUDA-2-300x166.jpg 300w, https:\/\/protecnic.es\/wp-content\/uploads\/2020\/11\/NOTICIA-AYUDA-2-16x9.jpg 16w\" sizes=\"(max-width: 435px) 100vw, 435px\" \/>\r\n\r\n    <\/a>\r\n  <\/div>\r\n\r\n  <a class=\"title post_title\"  title=\"PROTECNIC, OBTIENE LA AYUDA DEL PROGRAMA PARA LA MEJORA DE LA COMPETITIVIDAD Y LA SOSTENIBILIDAD\" href=\"https:\/\/protecnic.es\/en\/protecnic-obtiene-la-ayuda-del-programa-para-la-mejora-de-la-competitividad-y-la-sostenibilidad\/?related_post_from=250\">\r\n        PROTECNIC, OBTIENE LA AYUDA DEL PROGRAMA PARA LA MEJORA DE LA COMPETITIVIDAD Y LA SOSTENIBILIDAD  <\/a>\r\n\r\n        <\/div>\r\n              <div class=\"item\">\r\n            <div class=\"thumb post_thumb\">\r\n    <a  title=\"PRESENTAMOS NUESTRO CAMBIO DE IMAGEN\" href=\"https:\/\/protecnic.es\/en\/presentamos-nuestro-cambio-de-imagen\/?related_post_from=648\">\r\n\r\n      <img decoding=\"async\" width=\"2560\" height=\"1440\" src=\"https:\/\/protecnic.es\/wp-content\/uploads\/2021\/01\/LOGOS-PROTECNIC_LOGO-PROTECNIC-TAGLINE-scaled.jpg\" class=\"attachment-full size-full wp-post-image\" alt=\"logo protecnic\" srcset=\"https:\/\/protecnic.es\/wp-content\/uploads\/2021\/01\/LOGOS-PROTECNIC_LOGO-PROTECNIC-TAGLINE-scaled.jpg 2560w, https:\/\/protecnic.es\/wp-content\/uploads\/2021\/01\/LOGOS-PROTECNIC_LOGO-PROTECNIC-TAGLINE-300x169.jpg 300w, https:\/\/protecnic.es\/wp-content\/uploads\/2021\/01\/LOGOS-PROTECNIC_LOGO-PROTECNIC-TAGLINE-1024x576.jpg 1024w, https:\/\/protecnic.es\/wp-content\/uploads\/2021\/01\/LOGOS-PROTECNIC_LOGO-PROTECNIC-TAGLINE-768x432.jpg 768w, https:\/\/protecnic.es\/wp-content\/uploads\/2021\/01\/LOGOS-PROTECNIC_LOGO-PROTECNIC-TAGLINE-1536x864.jpg 1536w, https:\/\/protecnic.es\/wp-content\/uploads\/2021\/01\/LOGOS-PROTECNIC_LOGO-PROTECNIC-TAGLINE-2048x1152.jpg 2048w, https:\/\/protecnic.es\/wp-content\/uploads\/2021\/01\/LOGOS-PROTECNIC_LOGO-PROTECNIC-TAGLINE-18x10.jpg 18w\" sizes=\"(max-width: 2560px) 100vw, 2560px\" \/>\r\n\r\n    <\/a>\r\n  <\/div>\r\n\r\n  <a class=\"title post_title\"  title=\"PRESENTAMOS NUESTRO CAMBIO DE IMAGEN\" href=\"https:\/\/protecnic.es\/en\/presentamos-nuestro-cambio-de-imagen\/?related_post_from=648\">\r\n        PRESENTAMOS NUESTRO CAMBIO DE IMAGEN  <\/a>\r\n\r\n        <\/div>\r\n              <div class=\"item\">\r\n            <div class=\"thumb post_thumb\">\r\n    <a  title=\"2021, EL A\u00d1O DE LAS INNOVACIONES PARA PROTECNIC\" href=\"https:\/\/protecnic.es\/en\/2021-el-ano-de-las-innovaciones-para-protecnic\/?related_post_from=651\">\r\n\r\n      <img loading=\"lazy\" decoding=\"async\" width=\"1200\" height=\"675\" src=\"https:\/\/protecnic.es\/wp-content\/uploads\/2021\/01\/GIF-LOGO-25-ANOS.gif\" class=\"attachment-full size-full wp-post-image\" alt=\"\" \/>\r\n\r\n    <\/a>\r\n  <\/div>\r\n\r\n  <a class=\"title post_title\"  title=\"2021, EL A\u00d1O DE LAS INNOVACIONES PARA PROTECNIC\" href=\"https:\/\/protecnic.es\/en\/2021-el-ano-de-las-innovaciones-para-protecnic\/?related_post_from=651\">\r\n        2021, EL A\u00d1O DE LAS INNOVACIONES PARA PROTECNIC  <\/a>\r\n\r\n        <\/div>\r\n      \r\n  <\/div>\r\n\r\n  <script>\r\n      <\/script>\r\n  <style>\r\n    .related-post {}\r\n\r\n    .related-post .post-list {\r\n      text-align: center;\r\n          }\r\n\r\n    .related-post .post-list .item {\r\n      margin: 10px;\r\n      padding: 25px;\r\n          }\r\n\r\n    .related-post .headline {\r\n      font-size: 18px !important;\r\n      color: #999999 !important;\r\n          }\r\n\r\n    .related-post .post-list .item .post_thumb {\r\n      max-height: 300px;\r\n      margin: 10px 0px;\r\n      padding: 0px;\r\n      display: block;\r\n          }\r\n\r\n    .related-post .post-list .item .post_title {\r\n      font-size: 16px;\r\n      color: #a83d72;\r\n      margin: 10px 0px;\r\n      padding: 0px;\r\n      line-height: bold;\r\n      display: block;\r\n      text-decoration: none;\r\n      font-weight: bold;    }\r\n\r\n    .related-post .post-list .item .post_excerpt {\r\n      font-size: 13px;\r\n      color: #3f3f3f;\r\n      margin: 10px 0px;\r\n      padding: 0px;\r\n      display: block;\r\n      text-decoration: none;\r\n          }\r\n\r\n    @media only screen and (min-width: 1024px) {\r\n      .related-post .post-list .item {\r\n        width: 20%;\r\n      }\r\n    }\r\n\r\n    @media only screen and (min-width: 768px) and (max-width: 1023px) {\r\n      .related-post .post-list .item {\r\n        width: 90%;\r\n      }\r\n    }\r\n\r\n    @media only screen and (min-width: 0px) and (max-width: 767px) {\r\n      .related-post .post-list .item {\r\n        width: 90%;\r\n      }\r\n    }\r\n\r\n      <\/style>\r\n    <\/div>","protected":false},"excerpt":{"rendered":"<p>Tras participar en el programa de mejora de la competitividad y sostenibilidad de las pymes industriales del sector metal-mec\u00e1nico, dentro de la tercera fase de implantaci\u00f3n del Plan estrat\u00e9gico de la industria valenciana, en la convocatoria de 2020, el proyecto de la Empresa T\u00c9CNICAS Y APLICACIONES PRODUCTIVAS, S.L. &#8211; PROTECNIC, ha sido seleccionado por la [&hellip;]<\/p>\n  <div class=\"related-post grid\">\r\n      <div class=\"post-list\">\r\n\r\n            <div class=\"item\">\r\n            <div class=\"thumb post_thumb\">\r\n    <a  title=\"PROTECNIC, OBTIENE LA AYUDA DEL PROGRAMA PARA LA MEJORA DE LA COMPETITIVIDAD Y LA SOSTENIBILIDAD\" href=\"https:\/\/protecnic.es\/en\/protecnic-obtiene-la-ayuda-del-programa-para-la-mejora-de-la-competitividad-y-la-sostenibilidad\/?related_post_from=250\">\r\n\r\n      <img loading=\"lazy\" width=\"435\" height=\"240\" src=\"https:\/\/protecnic.es\/wp-content\/uploads\/2020\/11\/NOTICIA-AYUDA-2.jpg\" class=\"attachment-full size-full wp-post-image\" alt=\"\" decoding=\"async\" srcset=\"https:\/\/protecnic.es\/wp-content\/uploads\/2020\/11\/NOTICIA-AYUDA-2.jpg 435w, https:\/\/protecnic.es\/wp-content\/uploads\/2020\/11\/NOTICIA-AYUDA-2-300x166.jpg 300w, https:\/\/protecnic.es\/wp-content\/uploads\/2020\/11\/NOTICIA-AYUDA-2-16x9.jpg 16w\" sizes=\"(max-width: 435px) 100vw, 435px\" \/>\r\n\r\n    <\/a>\r\n  <\/div>\r\n\r\n  <a class=\"title post_title\"  title=\"PROTECNIC, OBTIENE LA AYUDA DEL PROGRAMA PARA LA MEJORA DE LA COMPETITIVIDAD Y LA SOSTENIBILIDAD\" href=\"https:\/\/protecnic.es\/en\/protecnic-obtiene-la-ayuda-del-programa-para-la-mejora-de-la-competitividad-y-la-sostenibilidad\/?related_post_from=250\">\r\n        PROTECNIC, OBTIENE LA AYUDA DEL PROGRAMA PARA LA MEJORA DE LA COMPETITIVIDAD Y LA SOSTENIBILIDAD  <\/a>\r\n\r\n        <\/div>\r\n              <div class=\"item\">\r\n            <div class=\"thumb post_thumb\">\r\n    <a  title=\"PRESENTAMOS NUESTRO CAMBIO DE IMAGEN\" href=\"https:\/\/protecnic.es\/en\/presentamos-nuestro-cambio-de-imagen\/?related_post_from=648\">\r\n\r\n      <img loading=\"lazy\" width=\"2560\" height=\"1440\" src=\"https:\/\/protecnic.es\/wp-content\/uploads\/2021\/01\/LOGOS-PROTECNIC_LOGO-PROTECNIC-TAGLINE-scaled.jpg\" class=\"attachment-full size-full wp-post-image\" alt=\"logo protecnic\" decoding=\"async\" srcset=\"https:\/\/protecnic.es\/wp-content\/uploads\/2021\/01\/LOGOS-PROTECNIC_LOGO-PROTECNIC-TAGLINE-scaled.jpg 2560w, https:\/\/protecnic.es\/wp-content\/uploads\/2021\/01\/LOGOS-PROTECNIC_LOGO-PROTECNIC-TAGLINE-300x169.jpg 300w, https:\/\/protecnic.es\/wp-content\/uploads\/2021\/01\/LOGOS-PROTECNIC_LOGO-PROTECNIC-TAGLINE-1024x576.jpg 1024w, https:\/\/protecnic.es\/wp-content\/uploads\/2021\/01\/LOGOS-PROTECNIC_LOGO-PROTECNIC-TAGLINE-768x432.jpg 768w, https:\/\/protecnic.es\/wp-content\/uploads\/2021\/01\/LOGOS-PROTECNIC_LOGO-PROTECNIC-TAGLINE-1536x864.jpg 1536w, https:\/\/protecnic.es\/wp-content\/uploads\/2021\/01\/LOGOS-PROTECNIC_LOGO-PROTECNIC-TAGLINE-2048x1152.jpg 2048w, https:\/\/protecnic.es\/wp-content\/uploads\/2021\/01\/LOGOS-PROTECNIC_LOGO-PROTECNIC-TAGLINE-18x10.jpg 18w\" sizes=\"(max-width: 2560px) 100vw, 2560px\" \/>\r\n\r\n    <\/a>\r\n  <\/div>\r\n\r\n  <a class=\"title post_title\"  title=\"PRESENTAMOS NUESTRO CAMBIO DE IMAGEN\" href=\"https:\/\/protecnic.es\/en\/presentamos-nuestro-cambio-de-imagen\/?related_post_from=648\">\r\n        PRESENTAMOS NUESTRO CAMBIO DE IMAGEN  <\/a>\r\n\r\n        <\/div>\r\n              <div class=\"item\">\r\n            <div class=\"thumb post_thumb\">\r\n    <a  title=\"Closer to our customers\" href=\"https:\/\/protecnic.es\/en\/closer-to-our-customers\/?related_post_from=653\">\r\n\r\n      <img loading=\"lazy\" width=\"2560\" height=\"1707\" src=\"https:\/\/protecnic.es\/wp-content\/uploads\/2021\/02\/noticia-5-1-scaled.jpg\" class=\"attachment-full size-full wp-post-image\" alt=\"sala de reuniones videoconferencias\" decoding=\"async\" srcset=\"https:\/\/protecnic.es\/wp-content\/uploads\/2021\/02\/noticia-5-1-scaled.jpg 2560w, https:\/\/protecnic.es\/wp-content\/uploads\/2021\/02\/noticia-5-1-300x200.jpg 300w, https:\/\/protecnic.es\/wp-content\/uploads\/2021\/02\/noticia-5-1-1024x683.jpg 1024w, https:\/\/protecnic.es\/wp-content\/uploads\/2021\/02\/noticia-5-1-768x512.jpg 768w, https:\/\/protecnic.es\/wp-content\/uploads\/2021\/02\/noticia-5-1-1536x1024.jpg 1536w, https:\/\/protecnic.es\/wp-content\/uploads\/2021\/02\/noticia-5-1-2048x1365.jpg 2048w, https:\/\/protecnic.es\/wp-content\/uploads\/2021\/02\/noticia-5-1-16x12.jpg 16w\" sizes=\"(max-width: 2560px) 100vw, 2560px\" \/>\r\n\r\n    <\/a>\r\n  <\/div>\r\n\r\n  <a class=\"title post_title\"  title=\"Closer to our customers\" href=\"https:\/\/protecnic.es\/en\/closer-to-our-customers\/?related_post_from=653\">\r\n        Closer to our customers  <\/a>\r\n\r\n        <\/div>\r\n      \r\n  <\/div>\r\n\r\n  <script>\r\n      <\/script>\r\n  <style>\r\n    .related-post {}\r\n\r\n    .related-post .post-list {\r\n      text-align: center;\r\n          }\r\n\r\n    .related-post .post-list .item {\r\n      margin: 10px;\r\n      padding: 25px;\r\n          }\r\n\r\n    .related-post .headline {\r\n      font-size: 18px !important;\r\n      color: #999999 !important;\r\n          }\r\n\r\n    .related-post .post-list .item .post_thumb {\r\n      max-height: 300px;\r\n      margin: 10px 0px;\r\n      padding: 0px;\r\n      display: block;\r\n          }\r\n\r\n    .related-post .post-list .item .post_title {\r\n      font-size: 16px;\r\n      color: #a83d72;\r\n      margin: 10px 0px;\r\n      padding: 0px;\r\n      line-height: bold;\r\n      display: block;\r\n      text-decoration: none;\r\n      font-weight: bold;    }\r\n\r\n    .related-post .post-list .item .post_excerpt {\r\n      font-size: 13px;\r\n      color: #3f3f3f;\r\n      margin: 10px 0px;\r\n      padding: 0px;\r\n      display: block;\r\n      text-decoration: none;\r\n          }\r\n\r\n    @media only screen and (min-width: 1024px) {\r\n      .related-post .post-list .item {\r\n        width: 20%;\r\n      }\r\n    }\r\n\r\n    @media only screen and (min-width: 768px) and (max-width: 1023px) {\r\n      .related-post .post-list .item {\r\n        width: 90%;\r\n      }\r\n    }\r\n\r\n    @media only screen and (min-width: 0px) and (max-width: 767px) {\r\n      .related-post .post-list .item {\r\n        width: 90%;\r\n      }\r\n    }\r\n\r\n      <\/style>\r\n    <\/div>","protected":false},"author":1,"featured_media":678,"comment_status":"closed","ping_status":"closed","sticky":false,"template":"","format":"standard","meta":{"footnotes":""},"categories":[10],"tags":[],"class_list":["post-250","post","type-post","status-publish","format-standard","has-post-thumbnail","hentry","category-noticias"],"yoast_head":"<!-- This site is optimized with the Yoast SEO plugin v24.3 - https:\/\/yoast.com\/wordpress\/plugins\/seo\/ -->\n<title>PROTECNIC, OBTIENE LA AYUDA DEL PROGRAMA PARA LA MEJORA DE LA COMPETITIVIDAD Y LA SOSTENIBILIDAD - Protecnic<\/title>\n<meta name=\"robots\" content=\"index, follow, max-snippet:-1, max-image-preview:large, max-video-preview:-1\" \/>\n<link rel=\"canonical\" href=\"https:\/\/protecnic.es\/en\/protecnic-obtiene-la-ayuda-del-programa-para-la-mejora-de-la-competitividad-y-la-sostenibilidad\/\" \/>\n<meta property=\"og:locale\" content=\"en_GB\" \/>\n<meta property=\"og:type\" content=\"article\" \/>\n<meta property=\"og:title\" content=\"PROTECNIC, OBTIENE LA AYUDA DEL PROGRAMA PARA LA MEJORA DE LA COMPETITIVIDAD Y LA SOSTENIBILIDAD - Protecnic\" \/>\n<meta property=\"og:description\" content=\"Tras participar en el programa de mejora de la competitividad y sostenibilidad de las pymes industriales del sector metal-mec\u00e1nico, dentro de la tercera fase de implantaci\u00f3n del Plan estrat\u00e9gico de la industria valenciana, en la convocatoria de 2020, el proyecto de la Empresa T\u00c9CNICAS Y APLICACIONES PRODUCTIVAS, S.L. &#8211; PROTECNIC, ha sido seleccionado por la [&hellip;]\" \/>\n<meta property=\"og:url\" content=\"https:\/\/protecnic.es\/en\/protecnic-obtiene-la-ayuda-del-programa-para-la-mejora-de-la-competitividad-y-la-sostenibilidad\/\" \/>\n<meta property=\"og:site_name\" content=\"Protecnic\" \/>\n<meta property=\"article:publisher\" content=\"https:\/\/www.facebook.com\/grupo.protecnic\" \/>\n<meta property=\"article:published_time\" content=\"2020-11-13T18:09:22+00:00\" \/>\n<meta property=\"article:modified_time\" content=\"2021-06-23T07:51:53+00:00\" \/>\n<meta property=\"og:image\" content=\"https:\/\/i0.wp.com\/protecnic.es\/wp-content\/uploads\/2020\/11\/NOTICIA-AYUDA-2.jpg?fit=435%2C240&ssl=1\" \/>\n\t<meta property=\"og:image:width\" content=\"435\" \/>\n\t<meta property=\"og:image:height\" content=\"240\" \/>\n\t<meta property=\"og:image:type\" content=\"image\/jpeg\" \/>\n<meta name=\"author\" content=\"Yeray\" \/>\n<meta name=\"twitter:card\" content=\"summary_large_image\" \/>\n<meta name=\"twitter:label1\" content=\"Written by\" \/>\n\t<meta name=\"twitter:data1\" content=\"Yeray\" \/>\n\t<meta name=\"twitter:label2\" content=\"Estimated reading time\" \/>\n\t<meta name=\"twitter:data2\" content=\"1 minute\" \/>\n<script type=\"application\/ld+json\" class=\"yoast-schema-graph\">{\"@context\":\"https:\/\/schema.org\",\"@graph\":[{\"@type\":\"WebPage\",\"@id\":\"https:\/\/protecnic.es\/protecnic-obtiene-la-ayuda-del-programa-para-la-mejora-de-la-competitividad-y-la-sostenibilidad\/\",\"url\":\"https:\/\/protecnic.es\/protecnic-obtiene-la-ayuda-del-programa-para-la-mejora-de-la-competitividad-y-la-sostenibilidad\/\",\"name\":\"PROTECNIC, OBTIENE LA AYUDA DEL PROGRAMA PARA LA MEJORA DE LA COMPETITIVIDAD Y LA SOSTENIBILIDAD - Protecnic\",\"isPartOf\":{\"@id\":\"https:\/\/protecnic.es\/#website\"},\"primaryImageOfPage\":{\"@id\":\"https:\/\/protecnic.es\/protecnic-obtiene-la-ayuda-del-programa-para-la-mejora-de-la-competitividad-y-la-sostenibilidad\/#primaryimage\"},\"image\":{\"@id\":\"https:\/\/protecnic.es\/protecnic-obtiene-la-ayuda-del-programa-para-la-mejora-de-la-competitividad-y-la-sostenibilidad\/#primaryimage\"},\"thumbnailUrl\":\"https:\/\/protecnic.es\/wp-content\/uploads\/2020\/11\/NOTICIA-AYUDA-2.jpg\",\"datePublished\":\"2020-11-13T18:09:22+00:00\",\"dateModified\":\"2021-06-23T07:51:53+00:00\",\"author\":{\"@id\":\"https:\/\/protecnic.es\/#\/schema\/person\/ad5cf6c46aa72aaefb7c4fc75abbee7f\"},\"breadcrumb\":{\"@id\":\"https:\/\/protecnic.es\/protecnic-obtiene-la-ayuda-del-programa-para-la-mejora-de-la-competitividad-y-la-sostenibilidad\/#breadcrumb\"},\"inLanguage\":\"en-GB\",\"potentialAction\":[{\"@type\":\"ReadAction\",\"target\":[\"https:\/\/protecnic.es\/protecnic-obtiene-la-ayuda-del-programa-para-la-mejora-de-la-competitividad-y-la-sostenibilidad\/\"]}]},{\"@type\":\"ImageObject\",\"inLanguage\":\"en-GB\",\"@id\":\"https:\/\/protecnic.es\/protecnic-obtiene-la-ayuda-del-programa-para-la-mejora-de-la-competitividad-y-la-sostenibilidad\/#primaryimage\",\"url\":\"https:\/\/protecnic.es\/wp-content\/uploads\/2020\/11\/NOTICIA-AYUDA-2.jpg\",\"contentUrl\":\"https:\/\/protecnic.es\/wp-content\/uploads\/2020\/11\/NOTICIA-AYUDA-2.jpg\",\"width\":435,\"height\":240},{\"@type\":\"BreadcrumbList\",\"@id\":\"https:\/\/protecnic.es\/protecnic-obtiene-la-ayuda-del-programa-para-la-mejora-de-la-competitividad-y-la-sostenibilidad\/#breadcrumb\",\"itemListElement\":[{\"@type\":\"ListItem\",\"position\":1,\"name\":\"Home\",\"item\":\"https:\/\/protecnic.es\/\"},{\"@type\":\"ListItem\",\"position\":2,\"name\":\"PROTECNIC, OBTIENE LA AYUDA DEL PROGRAMA PARA LA MEJORA DE LA COMPETITIVIDAD Y LA SOSTENIBILIDAD\"}]},{\"@type\":\"WebSite\",\"@id\":\"https:\/\/protecnic.es\/#website\",\"url\":\"https:\/\/protecnic.es\/\",\"name\":\"Protecnic\",\"description\":\"Protecnic\",\"potentialAction\":[{\"@type\":\"SearchAction\",\"target\":{\"@type\":\"EntryPoint\",\"urlTemplate\":\"https:\/\/protecnic.es\/?s={search_term_string}\"},\"query-input\":{\"@type\":\"PropertyValueSpecification\",\"valueRequired\":true,\"valueName\":\"search_term_string\"}}],\"inLanguage\":\"en-GB\"},{\"@type\":\"Person\",\"@id\":\"https:\/\/protecnic.es\/#\/schema\/person\/ad5cf6c46aa72aaefb7c4fc75abbee7f\",\"name\":\"Yeray\",\"image\":{\"@type\":\"ImageObject\",\"inLanguage\":\"en-GB\",\"@id\":\"https:\/\/protecnic.es\/#\/schema\/person\/image\/\",\"url\":\"https:\/\/secure.gravatar.com\/avatar\/13aeac8fce1f169444f7d287b6c21f6e?s=96&d=mm&r=g\",\"contentUrl\":\"https:\/\/secure.gravatar.com\/avatar\/13aeac8fce1f169444f7d287b6c21f6e?s=96&d=mm&r=g\",\"caption\":\"Yeray\"},\"sameAs\":[\"http:\/\/protecnic.es\"],\"url\":\"https:\/\/protecnic.es\/en\/author\/yeray\/\"}]}<\/script>\n<!-- \/ Yoast SEO plugin. -->","yoast_head_json":{"title":"PROTECNIC, OBTIENE LA AYUDA DEL PROGRAMA PARA LA MEJORA DE LA COMPETITIVIDAD Y LA SOSTENIBILIDAD - Protecnic","robots":{"index":"index","follow":"follow","max-snippet":"max-snippet:-1","max-image-preview":"max-image-preview:large","max-video-preview":"max-video-preview:-1"},"canonical":"https:\/\/protecnic.es\/en\/protecnic-obtiene-la-ayuda-del-programa-para-la-mejora-de-la-competitividad-y-la-sostenibilidad\/","og_locale":"en_GB","og_type":"article","og_title":"PROTECNIC, OBTIENE LA AYUDA DEL PROGRAMA PARA LA MEJORA DE LA COMPETITIVIDAD Y LA SOSTENIBILIDAD - Protecnic","og_description":"Tras participar en el programa de mejora de la competitividad y sostenibilidad de las pymes industriales del sector metal-mec\u00e1nico, dentro de la tercera fase de implantaci\u00f3n del Plan estrat\u00e9gico de la industria valenciana, en la convocatoria de 2020, el proyecto de la Empresa T\u00c9CNICAS Y APLICACIONES PRODUCTIVAS, S.L. &#8211; PROTECNIC, ha sido seleccionado por la [&hellip;]","og_url":"https:\/\/protecnic.es\/en\/protecnic-obtiene-la-ayuda-del-programa-para-la-mejora-de-la-competitividad-y-la-sostenibilidad\/","og_site_name":"Protecnic","article_publisher":"https:\/\/www.facebook.com\/grupo.protecnic","article_published_time":"2020-11-13T18:09:22+00:00","article_modified_time":"2021-06-23T07:51:53+00:00","og_image":[{"width":435,"height":240,"url":"https:\/\/i0.wp.com\/protecnic.es\/wp-content\/uploads\/2020\/11\/NOTICIA-AYUDA-2.jpg?fit=435%2C240&ssl=1","type":"image\/jpeg"}],"author":"Yeray","twitter_card":"summary_large_image","twitter_misc":{"Written by":"Yeray","Estimated reading time":"1 minute"},"schema":{"@context":"https:\/\/schema.org","@graph":[{"@type":"WebPage","@id":"https:\/\/protecnic.es\/protecnic-obtiene-la-ayuda-del-programa-para-la-mejora-de-la-competitividad-y-la-sostenibilidad\/","url":"https:\/\/protecnic.es\/protecnic-obtiene-la-ayuda-del-programa-para-la-mejora-de-la-competitividad-y-la-sostenibilidad\/","name":"PROTECNIC, OBTIENE LA AYUDA DEL PROGRAMA PARA LA MEJORA DE LA COMPETITIVIDAD Y LA SOSTENIBILIDAD - Protecnic","isPartOf":{"@id":"https:\/\/protecnic.es\/#website"},"primaryImageOfPage":{"@id":"https:\/\/protecnic.es\/protecnic-obtiene-la-ayuda-del-programa-para-la-mejora-de-la-competitividad-y-la-sostenibilidad\/#primaryimage"},"image":{"@id":"https:\/\/protecnic.es\/protecnic-obtiene-la-ayuda-del-programa-para-la-mejora-de-la-competitividad-y-la-sostenibilidad\/#primaryimage"},"thumbnailUrl":"https:\/\/protecnic.es\/wp-content\/uploads\/2020\/11\/NOTICIA-AYUDA-2.jpg","datePublished":"2020-11-13T18:09:22+00:00","dateModified":"2021-06-23T07:51:53+00:00","author":{"@id":"https:\/\/protecnic.es\/#\/schema\/person\/ad5cf6c46aa72aaefb7c4fc75abbee7f"},"breadcrumb":{"@id":"https:\/\/protecnic.es\/protecnic-obtiene-la-ayuda-del-programa-para-la-mejora-de-la-competitividad-y-la-sostenibilidad\/#breadcrumb"},"inLanguage":"en-GB","potentialAction":[{"@type":"ReadAction","target":["https:\/\/protecnic.es\/protecnic-obtiene-la-ayuda-del-programa-para-la-mejora-de-la-competitividad-y-la-sostenibilidad\/"]}]},{"@type":"ImageObject","inLanguage":"en-GB","@id":"https:\/\/protecnic.es\/protecnic-obtiene-la-ayuda-del-programa-para-la-mejora-de-la-competitividad-y-la-sostenibilidad\/#primaryimage","url":"https:\/\/protecnic.es\/wp-content\/uploads\/2020\/11\/NOTICIA-AYUDA-2.jpg","contentUrl":"https:\/\/protecnic.es\/wp-content\/uploads\/2020\/11\/NOTICIA-AYUDA-2.jpg","width":435,"height":240},{"@type":"BreadcrumbList","@id":"https:\/\/protecnic.es\/protecnic-obtiene-la-ayuda-del-programa-para-la-mejora-de-la-competitividad-y-la-sostenibilidad\/#breadcrumb","itemListElement":[{"@type":"ListItem","position":1,"name":"Home","item":"https:\/\/protecnic.es\/"},{"@type":"ListItem","position":2,"name":"PROTECNIC, OBTIENE LA AYUDA DEL PROGRAMA PARA LA MEJORA DE LA COMPETITIVIDAD Y LA SOSTENIBILIDAD"}]},{"@type":"WebSite","@id":"https:\/\/protecnic.es\/#website","url":"https:\/\/protecnic.es\/","name":"Protecnic","description":"Protecnic","potentialAction":[{"@type":"SearchAction","target":{"@type":"EntryPoint","urlTemplate":"https:\/\/protecnic.es\/?s={search_term_string}"},"query-input":{"@type":"PropertyValueSpecification","valueRequired":true,"valueName":"search_term_string"}}],"inLanguage":"en-GB"},{"@type":"Person","@id":"https:\/\/protecnic.es\/#\/schema\/person\/ad5cf6c46aa72aaefb7c4fc75abbee7f","name":"Yeray","image":{"@type":"ImageObject","inLanguage":"en-GB","@id":"https:\/\/protecnic.es\/#\/schema\/person\/image\/","url":"https:\/\/secure.gravatar.com\/avatar\/13aeac8fce1f169444f7d287b6c21f6e?s=96&d=mm&r=g","contentUrl":"https:\/\/secure.gravatar.com\/avatar\/13aeac8fce1f169444f7d287b6c21f6e?s=96&d=mm&r=g","caption":"Yeray"},"sameAs":["http:\/\/protecnic.es"],"url":"https:\/\/protecnic.es\/en\/author\/yeray\/"}]}},"jetpack_featured_media_url":"https:\/\/protecnic.es\/wp-content\/uploads\/2020\/11\/NOTICIA-AYUDA-2.jpg","_links":{"self":[{"href":"https:\/\/protecnic.es\/en\/wp-json\/wp\/v2\/posts\/250"}],"collection":[{"href":"https:\/\/protecnic.es\/en\/wp-json\/wp\/v2\/posts"}],"about":[{"href":"https:\/\/protecnic.es\/en\/wp-json\/wp\/v2\/types\/post"}],"author":[{"embeddable":true,"href":"https:\/\/protecnic.es\/en\/wp-json\/wp\/v2\/users\/1"}],"replies":[{"embeddable":true,"href":"https:\/\/protecnic.es\/en\/wp-json\/wp\/v2\/comments?post=250"}],"version-history":[{"count":5,"href":"https:\/\/protecnic.es\/en\/wp-json\/wp\/v2\/posts\/250\/revisions"}],"predecessor-version":[{"id":1518,"href":"https:\/\/protecnic.es\/en\/wp-json\/wp\/v2\/posts\/250\/revisions\/1518"}],"wp:featuredmedia":[{"embeddable":true,"href":"https:\/\/protecnic.es\/en\/wp-json\/wp\/v2\/media\/678"}],"wp:attachment":[{"href":"https:\/\/protecnic.es\/en\/wp-json\/wp\/v2\/media?parent=250"}],"wp:term":[{"taxonomy":"category","embeddable":true,"href":"https:\/\/protecnic.es\/en\/wp-json\/wp\/v2\/categories?post=250"},{"taxonomy":"post_tag","embeddable":true,"href":"https:\/\/protecnic.es\/en\/wp-json\/wp\/v2\/tags?post=250"}],"curies":[{"name":"wp","href":"https:\/\/api.w.org\/{rel}","templated":true}]}}