{"id":3267,"date":"2022-08-24T11:00:30","date_gmt":"2022-08-24T09:00:30","guid":{"rendered":"https:\/\/protecnic.es\/?p=3267"},"modified":"2022-10-19T08:00:32","modified_gmt":"2022-10-19T06:00:32","slug":"las-ventajas-del-tablero-de-melamina-blanco-canteado","status":"publish","type":"post","link":"https:\/\/protecnic.es\/en\/the-advantages-of-white-and-edged-melamine-board\/","title":{"rendered":"The advantages of white and edged melamine board"},"content":{"rendered":"<div data-elementor-type=\"wp-post\" data-elementor-id=\"3267\" class=\"elementor elementor-3267\" data-elementor-post-type=\"post\">\n\t\t\t\t\t\t<section class=\"elementor-section elementor-top-section elementor-element elementor-element-de755e3 elementor-section-boxed elementor-section-height-default elementor-section-height-default\" data-id=\"de755e3\" data-element_type=\"section\">\n\t\t\t\t\t\t<div class=\"elementor-container elementor-column-gap-default\">\n\t\t\t\t\t<div class=\"elementor-column elementor-col-50 elementor-top-column elementor-element elementor-element-a3ec387\" data-id=\"a3ec387\" data-element_type=\"column\">\n\t\t\t<div class=\"elementor-widget-wrap elementor-element-populated\">\n\t\t\t\t\t\t<div class=\"elementor-element elementor-element-7cd283f elementor-widget elementor-widget-spacer\" data-id=\"7cd283f\" data-element_type=\"widget\" data-widget_type=\"spacer.default\">\n\t\t\t\t<div class=\"elementor-widget-container\">\n\t\t\t\t\t<div class=\"elementor-spacer\">\n\t\t\t<div class=\"elementor-spacer-inner\"><\/div>\n\t\t<\/div>\n\t\t\t\t<\/div>\n\t\t\t\t<\/div>\n\t\t\t\t<div class=\"elementor-element elementor-element-4be45ee elementor-widget elementor-widget-text-editor\" data-id=\"4be45ee\" data-element_type=\"widget\" data-widget_type=\"text-editor.default\">\n\t\t\t\t<div class=\"elementor-widget-container\">\n\t\t\t\t\t\t\t<p class=\"Cuerpo\" style=\"text-align: justify;\"><span lang=\"ES-TRAD\">If there is a widespread solution among furniture manufacturers, it is white edged melamine board. When it comes to configuring wardrobes, shelves, tables, chests of drawers and even work tables, white is a recurring option, due to its versatility.<\/span><\/p><p class=\"Cuerpo\" style=\"text-align: justify;\"><span lang=\"ES-TRAD\">Precisely because it is a blank canvas, it is capable of fitting into any space and with any style and, in addition, it provides neutrality and visual calm and allows both the manufacturer and the end customer to use the details and decoration to provide the desired colour details for the space occupied by the piece of furniture, if desired.<\/span><\/p>\t\t\t\t\t\t<\/div>\n\t\t\t\t<\/div>\n\t\t\t\t\t<\/div>\n\t\t<\/div>\n\t\t\t\t<div class=\"elementor-column elementor-col-50 elementor-top-column elementor-element elementor-element-6913d99\" data-id=\"6913d99\" data-element_type=\"column\">\n\t\t\t<div class=\"elementor-widget-wrap elementor-element-populated\">\n\t\t\t\t\t\t<div class=\"elementor-element elementor-element-e6ee54e elementor-widget elementor-widget-image\" data-id=\"e6ee54e\" data-element_type=\"widget\" data-widget_type=\"image.default\">\n\t\t\t\t<div class=\"elementor-widget-container\">\n\t\t\t\t\t\t\t\t\t\t\t\t\t<img fetchpriority=\"high\" decoding=\"async\" width=\"800\" height=\"534\" src=\"https:\/\/protecnic.es\/wp-content\/uploads\/2022\/08\/PAREJA-MUEBLES-BLANCOS-1024x683.jpg\" class=\"attachment-large size-large wp-image-3288\" alt=\"pareja eligiendo muebles blancos de melamina canteados\" srcset=\"https:\/\/protecnic.es\/wp-content\/uploads\/2022\/08\/PAREJA-MUEBLES-BLANCOS-1024x683.jpg 1024w, https:\/\/protecnic.es\/wp-content\/uploads\/2022\/08\/PAREJA-MUEBLES-BLANCOS-300x200.jpg 300w, https:\/\/protecnic.es\/wp-content\/uploads\/2022\/08\/PAREJA-MUEBLES-BLANCOS-768x513.jpg 768w, https:\/\/protecnic.es\/wp-content\/uploads\/2022\/08\/PAREJA-MUEBLES-BLANCOS-1536x1025.jpg 1536w, https:\/\/protecnic.es\/wp-content\/uploads\/2022\/08\/PAREJA-MUEBLES-BLANCOS-2048x1367.jpg 2048w, https:\/\/protecnic.es\/wp-content\/uploads\/2022\/08\/PAREJA-MUEBLES-BLANCOS-18x12.jpg 18w\" sizes=\"(max-width: 800px) 100vw, 800px\" \/>\t\t\t\t\t\t\t\t\t\t\t\t\t<\/div>\n\t\t\t\t<\/div>\n\t\t\t\t\t<\/div>\n\t\t<\/div>\n\t\t\t\t\t<\/div>\n\t\t<\/section>\n\t\t\t\t<section class=\"elementor-section elementor-top-section elementor-element elementor-element-dfa57a5 elementor-section-boxed elementor-section-height-default elementor-section-height-default\" data-id=\"dfa57a5\" data-element_type=\"section\">\n\t\t\t\t\t\t<div class=\"elementor-container elementor-column-gap-default\">\n\t\t\t\t\t<div class=\"elementor-column elementor-col-100 elementor-top-column elementor-element elementor-element-d06f583\" data-id=\"d06f583\" data-element_type=\"column\">\n\t\t\t<div class=\"elementor-widget-wrap elementor-element-populated\">\n\t\t\t\t\t\t<div class=\"elementor-element elementor-element-e0ec7a2 elementor-widget elementor-widget-text-editor\" data-id=\"e0ec7a2\" data-element_type=\"widget\" data-widget_type=\"text-editor.default\">\n\t\t\t\t<div class=\"elementor-widget-container\">\n\t\t\t\t\t\t\t<p class=\"Cuerpo\" style=\"text-align: justify;\"><span lang=\"ES-TRAD\">Melamine has many advantages for the furniture industry. It is a very stable and resistant chemical compound or synthetic polymer that is used to cover wooden boards, to which it is fixed, as if it were a sheet of paper, through a pressing process that uses pressure and heat.<\/span><\/p><p class=\"Cuerpo\" style=\"text-align: justify;\"><span lang=\"ES-TRAD\">In recent years, technically, the strength and quality of all the options of these boards have been improved, which subsequently require the adhesion of plastic extrusion solutions such as <a href=\"https:\/\/protecnic.es\/en\/beneficios-de-utilizar-materiales-de-pvc\/\"><span class=\"Hyperlink0\">PVC ABS edgebands sample book.<\/span><\/a> to finish the piece. Consult <a href=\"https:\/\/protecnic.es\/en\/melamina-mdf-o-aglomerado\/\"><span class=\"Hyperlink0\">this article<\/span><\/a> if you want to know more about the differences between MDF and chipboard in the case of melamine boards.<\/span><\/p>\t\t\t\t\t\t<\/div>\n\t\t\t\t<\/div>\n\t\t\t\t\t<\/div>\n\t\t<\/div>\n\t\t\t\t\t<\/div>\n\t\t<\/section>\n\t\t\t\t<section class=\"elementor-section elementor-top-section elementor-element elementor-element-270db6f elementor-section-boxed elementor-section-height-default elementor-section-height-default\" data-id=\"270db6f\" data-element_type=\"section\">\n\t\t\t\t\t\t<div class=\"elementor-container elementor-column-gap-default\">\n\t\t\t\t\t<div class=\"elementor-column elementor-col-100 elementor-top-column elementor-element elementor-element-be9e19b\" data-id=\"be9e19b\" data-element_type=\"column\">\n\t\t\t<div class=\"elementor-widget-wrap elementor-element-populated\">\n\t\t\t\t\t\t<div class=\"elementor-element elementor-element-4264425 elementor-widget elementor-widget-text-editor\" data-id=\"4264425\" data-element_type=\"widget\" data-widget_type=\"text-editor.default\">\n\t\t\t\t<div class=\"elementor-widget-container\">\n\t\t\t\t\t\t\t<p class=\"Cuerpo\" style=\"text-align: justify;\"><span lang=\"ES-TRAD\">On a daily basis, we work closely with manufacturers to ensure that all our edge banding solutions closely reflect the aesthetics of the panels they bring to market each year. Our plastic extrusion lines run non-stop six days a week, in eight-hour shifts, to manufacture and ship the edges our customers need to complete all their furniture pieces.<\/span><\/p><p class=\"Cuerpo\" style=\"text-align: justify;\"><span lang=\"ES-TRAD\">In this respect, solutions for edged white melamine board are among our specialities, given the high demand we receive for this type of product, precisely because of the popularity of furniture in raw colour tones.<\/span><\/p><p class=\"Cuerpo\" style=\"text-align: justify;\"><span lang=\"ES-TRAD\">Our sample book exceeds 5,000 references and is growing all the time. Request your <\/span><span class=\"Hyperlink0\"><span lang=\"ES-TRAD\">free sample<\/span><\/span> <span lang=\"ES-TRAD\">to see all the options: from plain colours to a huge variety of designs, textures and finishes. White is a great choice, but thanks to their knowledge and experience in colourimetry, our team is ready to respond to all kinds of needs.<\/span><\/p>\t\t\t\t\t\t<\/div>\n\t\t\t\t<\/div>\n\t\t\t\t\t<\/div>\n\t\t<\/div>\n\t\t\t\t\t<\/div>\n\t\t<\/section>\n\t\t\t\t<\/div>\n\t\t  <div class=\"related-post grid\">\r\n      <div class=\"post-list\">\r\n\r\n            <div class=\"item\">\r\n            <div class=\"thumb post_thumb\">\r\n    <a  title=\"PROTECNIC, OBTIENE LA AYUDA DEL PROGRAMA PARA LA MEJORA DE LA COMPETITIVIDAD Y LA SOSTENIBILIDAD\" href=\"https:\/\/protecnic.es\/en\/protecnic-obtiene-la-ayuda-del-programa-para-la-mejora-de-la-competitividad-y-la-sostenibilidad\/?related_post_from=250\">\r\n\r\n      <img decoding=\"async\" width=\"435\" height=\"240\" src=\"https:\/\/protecnic.es\/wp-content\/uploads\/2020\/11\/NOTICIA-AYUDA-2.jpg\" class=\"attachment-full size-full wp-post-image\" alt=\"\" srcset=\"https:\/\/protecnic.es\/wp-content\/uploads\/2020\/11\/NOTICIA-AYUDA-2.jpg 435w, https:\/\/protecnic.es\/wp-content\/uploads\/2020\/11\/NOTICIA-AYUDA-2-300x166.jpg 300w, https:\/\/protecnic.es\/wp-content\/uploads\/2020\/11\/NOTICIA-AYUDA-2-16x9.jpg 16w\" sizes=\"(max-width: 435px) 100vw, 435px\" \/>\r\n\r\n    <\/a>\r\n  <\/div>\r\n\r\n  <a class=\"title post_title\"  title=\"PROTECNIC, OBTIENE LA AYUDA DEL PROGRAMA PARA LA MEJORA DE LA COMPETITIVIDAD Y LA SOSTENIBILIDAD\" href=\"https:\/\/protecnic.es\/en\/protecnic-obtiene-la-ayuda-del-programa-para-la-mejora-de-la-competitividad-y-la-sostenibilidad\/?related_post_from=250\">\r\n        PROTECNIC, OBTIENE LA AYUDA DEL PROGRAMA PARA LA MEJORA DE LA COMPETITIVIDAD Y LA SOSTENIBILIDAD  <\/a>\r\n\r\n        <\/div>\r\n              <div class=\"item\">\r\n            <div class=\"thumb post_thumb\">\r\n    <a  title=\"PRESENTAMOS NUESTRO CAMBIO DE IMAGEN\" href=\"https:\/\/protecnic.es\/en\/presentamos-nuestro-cambio-de-imagen\/?related_post_from=648\">\r\n\r\n      <img decoding=\"async\" width=\"2560\" height=\"1440\" src=\"https:\/\/protecnic.es\/wp-content\/uploads\/2021\/01\/LOGOS-PROTECNIC_LOGO-PROTECNIC-TAGLINE-scaled.jpg\" class=\"attachment-full size-full wp-post-image\" alt=\"logo protecnic\" srcset=\"https:\/\/protecnic.es\/wp-content\/uploads\/2021\/01\/LOGOS-PROTECNIC_LOGO-PROTECNIC-TAGLINE-scaled.jpg 2560w, https:\/\/protecnic.es\/wp-content\/uploads\/2021\/01\/LOGOS-PROTECNIC_LOGO-PROTECNIC-TAGLINE-300x169.jpg 300w, https:\/\/protecnic.es\/wp-content\/uploads\/2021\/01\/LOGOS-PROTECNIC_LOGO-PROTECNIC-TAGLINE-1024x576.jpg 1024w, https:\/\/protecnic.es\/wp-content\/uploads\/2021\/01\/LOGOS-PROTECNIC_LOGO-PROTECNIC-TAGLINE-768x432.jpg 768w, https:\/\/protecnic.es\/wp-content\/uploads\/2021\/01\/LOGOS-PROTECNIC_LOGO-PROTECNIC-TAGLINE-1536x864.jpg 1536w, https:\/\/protecnic.es\/wp-content\/uploads\/2021\/01\/LOGOS-PROTECNIC_LOGO-PROTECNIC-TAGLINE-2048x1152.jpg 2048w, https:\/\/protecnic.es\/wp-content\/uploads\/2021\/01\/LOGOS-PROTECNIC_LOGO-PROTECNIC-TAGLINE-18x10.jpg 18w\" sizes=\"(max-width: 2560px) 100vw, 2560px\" \/>\r\n\r\n    <\/a>\r\n  <\/div>\r\n\r\n  <a class=\"title post_title\"  title=\"PRESENTAMOS NUESTRO CAMBIO DE IMAGEN\" href=\"https:\/\/protecnic.es\/en\/presentamos-nuestro-cambio-de-imagen\/?related_post_from=648\">\r\n        PRESENTAMOS NUESTRO CAMBIO DE IMAGEN  <\/a>\r\n\r\n        <\/div>\r\n              <div class=\"item\">\r\n            <div class=\"thumb post_thumb\">\r\n    <a  title=\"Closer to our customers\" href=\"https:\/\/protecnic.es\/en\/closer-to-our-customers\/?related_post_from=653\">\r\n\r\n      <img loading=\"lazy\" decoding=\"async\" width=\"2560\" height=\"1707\" src=\"https:\/\/protecnic.es\/wp-content\/uploads\/2021\/02\/noticia-5-1-scaled.jpg\" class=\"attachment-full size-full wp-post-image\" alt=\"sala de reuniones videoconferencias\" srcset=\"https:\/\/protecnic.es\/wp-content\/uploads\/2021\/02\/noticia-5-1-scaled.jpg 2560w, https:\/\/protecnic.es\/wp-content\/uploads\/2021\/02\/noticia-5-1-300x200.jpg 300w, https:\/\/protecnic.es\/wp-content\/uploads\/2021\/02\/noticia-5-1-1024x683.jpg 1024w, https:\/\/protecnic.es\/wp-content\/uploads\/2021\/02\/noticia-5-1-768x512.jpg 768w, https:\/\/protecnic.es\/wp-content\/uploads\/2021\/02\/noticia-5-1-1536x1024.jpg 1536w, https:\/\/protecnic.es\/wp-content\/uploads\/2021\/02\/noticia-5-1-2048x1365.jpg 2048w, https:\/\/protecnic.es\/wp-content\/uploads\/2021\/02\/noticia-5-1-16x12.jpg 16w\" sizes=\"(max-width: 2560px) 100vw, 2560px\" \/>\r\n\r\n    <\/a>\r\n  <\/div>\r\n\r\n  <a class=\"title post_title\"  title=\"Closer to our customers\" href=\"https:\/\/protecnic.es\/en\/closer-to-our-customers\/?related_post_from=653\">\r\n        Closer to our customers  <\/a>\r\n\r\n        <\/div>\r\n      \r\n  <\/div>\r\n\r\n  <script>\r\n      <\/script>\r\n  <style>\r\n    .related-post {}\r\n\r\n    .related-post .post-list {\r\n      text-align: center;\r\n          }\r\n\r\n    .related-post .post-list .item {\r\n      margin: 10px;\r\n      padding: 25px;\r\n          }\r\n\r\n    .related-post .headline {\r\n      font-size: 18px !important;\r\n      color: #999999 !important;\r\n          }\r\n\r\n    .related-post .post-list .item .post_thumb {\r\n      max-height: 300px;\r\n      margin: 10px 0px;\r\n      padding: 0px;\r\n      display: block;\r\n          }\r\n\r\n    .related-post .post-list .item .post_title {\r\n      font-size: 16px;\r\n      color: #a83d72;\r\n      margin: 10px 0px;\r\n      padding: 0px;\r\n      line-height: bold;\r\n      display: block;\r\n      text-decoration: none;\r\n      font-weight: bold;    }\r\n\r\n    .related-post .post-list .item .post_excerpt {\r\n      font-size: 13px;\r\n      color: #3f3f3f;\r\n      margin: 10px 0px;\r\n      padding: 0px;\r\n      display: block;\r\n      text-decoration: none;\r\n          }\r\n\r\n    @media only screen and (min-width: 1024px) {\r\n      .related-post .post-list .item {\r\n        width: 20%;\r\n      }\r\n    }\r\n\r\n    @media only screen and (min-width: 768px) and (max-width: 1023px) {\r\n      .related-post .post-list .item {\r\n        width: 90%;\r\n      }\r\n    }\r\n\r\n    @media only screen and (min-width: 0px) and (max-width: 767px) {\r\n      .related-post .post-list .item {\r\n        width: 90%;\r\n      }\r\n    }\r\n\r\n      <\/style>\r\n    <\/div>","protected":false},"excerpt":{"rendered":"<p>Si hay una soluci\u00f3n extendida entre los fabricantes de mobiliario es el del tablero de melamina blanco canteado. A la hora de configurar armarios, estanter\u00edas, mesitas, c\u00f3modas e incluso mesas de trabajo, el blanco es una opci\u00f3n recurrente, por su versatilidad. Precisamente porque se trata de un lienzo en blanco, es capaz de encajar en [&hellip;]<\/p>\n  <div class=\"related-post grid\">\r\n      <div class=\"post-list\">\r\n\r\n            <div class=\"item\">\r\n            <div class=\"thumb post_thumb\">\r\n    <a  title=\"PROTECNIC, OBTIENE LA AYUDA DEL PROGRAMA PARA LA MEJORA DE LA COMPETITIVIDAD Y LA SOSTENIBILIDAD\" href=\"https:\/\/protecnic.es\/en\/protecnic-obtiene-la-ayuda-del-programa-para-la-mejora-de-la-competitividad-y-la-sostenibilidad\/?related_post_from=250\">\r\n\r\n      <img loading=\"lazy\" width=\"435\" height=\"240\" src=\"https:\/\/protecnic.es\/wp-content\/uploads\/2020\/11\/NOTICIA-AYUDA-2.jpg\" class=\"attachment-full size-full wp-post-image\" alt=\"\" decoding=\"async\" srcset=\"https:\/\/protecnic.es\/wp-content\/uploads\/2020\/11\/NOTICIA-AYUDA-2.jpg 435w, https:\/\/protecnic.es\/wp-content\/uploads\/2020\/11\/NOTICIA-AYUDA-2-300x166.jpg 300w, https:\/\/protecnic.es\/wp-content\/uploads\/2020\/11\/NOTICIA-AYUDA-2-16x9.jpg 16w\" sizes=\"(max-width: 435px) 100vw, 435px\" \/>\r\n\r\n    <\/a>\r\n  <\/div>\r\n\r\n  <a class=\"title post_title\"  title=\"PROTECNIC, OBTIENE LA AYUDA DEL PROGRAMA PARA LA MEJORA DE LA COMPETITIVIDAD Y LA SOSTENIBILIDAD\" href=\"https:\/\/protecnic.es\/en\/protecnic-obtiene-la-ayuda-del-programa-para-la-mejora-de-la-competitividad-y-la-sostenibilidad\/?related_post_from=250\">\r\n        PROTECNIC, OBTIENE LA AYUDA DEL PROGRAMA PARA LA MEJORA DE LA COMPETITIVIDAD Y LA SOSTENIBILIDAD  <\/a>\r\n\r\n        <\/div>\r\n              <div class=\"item\">\r\n            <div class=\"thumb post_thumb\">\r\n    <a  title=\"PRESENTAMOS NUESTRO CAMBIO DE IMAGEN\" href=\"https:\/\/protecnic.es\/en\/presentamos-nuestro-cambio-de-imagen\/?related_post_from=648\">\r\n\r\n      <img loading=\"lazy\" width=\"2560\" height=\"1440\" src=\"https:\/\/protecnic.es\/wp-content\/uploads\/2021\/01\/LOGOS-PROTECNIC_LOGO-PROTECNIC-TAGLINE-scaled.jpg\" class=\"attachment-full size-full wp-post-image\" alt=\"logo protecnic\" decoding=\"async\" srcset=\"https:\/\/protecnic.es\/wp-content\/uploads\/2021\/01\/LOGOS-PROTECNIC_LOGO-PROTECNIC-TAGLINE-scaled.jpg 2560w, https:\/\/protecnic.es\/wp-content\/uploads\/2021\/01\/LOGOS-PROTECNIC_LOGO-PROTECNIC-TAGLINE-300x169.jpg 300w, https:\/\/protecnic.es\/wp-content\/uploads\/2021\/01\/LOGOS-PROTECNIC_LOGO-PROTECNIC-TAGLINE-1024x576.jpg 1024w, https:\/\/protecnic.es\/wp-content\/uploads\/2021\/01\/LOGOS-PROTECNIC_LOGO-PROTECNIC-TAGLINE-768x432.jpg 768w, https:\/\/protecnic.es\/wp-content\/uploads\/2021\/01\/LOGOS-PROTECNIC_LOGO-PROTECNIC-TAGLINE-1536x864.jpg 1536w, https:\/\/protecnic.es\/wp-content\/uploads\/2021\/01\/LOGOS-PROTECNIC_LOGO-PROTECNIC-TAGLINE-2048x1152.jpg 2048w, https:\/\/protecnic.es\/wp-content\/uploads\/2021\/01\/LOGOS-PROTECNIC_LOGO-PROTECNIC-TAGLINE-18x10.jpg 18w\" sizes=\"(max-width: 2560px) 100vw, 2560px\" \/>\r\n\r\n    <\/a>\r\n  <\/div>\r\n\r\n  <a class=\"title post_title\"  title=\"PRESENTAMOS NUESTRO CAMBIO DE IMAGEN\" href=\"https:\/\/protecnic.es\/en\/presentamos-nuestro-cambio-de-imagen\/?related_post_from=648\">\r\n        PRESENTAMOS NUESTRO CAMBIO DE IMAGEN  <\/a>\r\n\r\n        <\/div>\r\n              <div class=\"item\">\r\n            <div class=\"thumb post_thumb\">\r\n    <a  title=\"2021, EL A\u00d1O DE LAS INNOVACIONES PARA PROTECNIC\" href=\"https:\/\/protecnic.es\/en\/2021-el-ano-de-las-innovaciones-para-protecnic\/?related_post_from=651\">\r\n\r\n      <img loading=\"lazy\" width=\"1200\" height=\"675\" src=\"https:\/\/protecnic.es\/wp-content\/uploads\/2021\/01\/GIF-LOGO-25-ANOS.gif\" class=\"attachment-full size-full wp-post-image\" alt=\"\" decoding=\"async\" \/>\r\n\r\n    <\/a>\r\n  <\/div>\r\n\r\n  <a class=\"title post_title\"  title=\"2021, EL A\u00d1O DE LAS INNOVACIONES PARA PROTECNIC\" href=\"https:\/\/protecnic.es\/en\/2021-el-ano-de-las-innovaciones-para-protecnic\/?related_post_from=651\">\r\n        2021, EL A\u00d1O DE LAS INNOVACIONES PARA PROTECNIC  <\/a>\r\n\r\n        <\/div>\r\n      \r\n  <\/div>\r\n\r\n  <script>\r\n      <\/script>\r\n  <style>\r\n    .related-post {}\r\n\r\n    .related-post .post-list {\r\n      text-align: center;\r\n          }\r\n\r\n    .related-post .post-list .item {\r\n      margin: 10px;\r\n      padding: 25px;\r\n          }\r\n\r\n    .related-post .headline {\r\n      font-size: 18px !important;\r\n      color: #999999 !important;\r\n          }\r\n\r\n    .related-post .post-list .item .post_thumb {\r\n      max-height: 300px;\r\n      margin: 10px 0px;\r\n      padding: 0px;\r\n      display: block;\r\n          }\r\n\r\n    .related-post .post-list .item .post_title {\r\n      font-size: 16px;\r\n      color: #a83d72;\r\n      margin: 10px 0px;\r\n      padding: 0px;\r\n      line-height: bold;\r\n      display: block;\r\n      text-decoration: none;\r\n      font-weight: bold;    }\r\n\r\n    .related-post .post-list .item .post_excerpt {\r\n      font-size: 13px;\r\n      color: #3f3f3f;\r\n      margin: 10px 0px;\r\n      padding: 0px;\r\n      display: block;\r\n      text-decoration: none;\r\n          }\r\n\r\n    @media only screen and (min-width: 1024px) {\r\n      .related-post .post-list .item {\r\n        width: 20%;\r\n      }\r\n    }\r\n\r\n    @media only screen and (min-width: 768px) and (max-width: 1023px) {\r\n      .related-post .post-list .item {\r\n        width: 90%;\r\n      }\r\n    }\r\n\r\n    @media only screen and (min-width: 0px) and (max-width: 767px) {\r\n      .related-post .post-list .item {\r\n        width: 90%;\r\n      }\r\n    }\r\n\r\n      <\/style>\r\n    <\/div>","protected":false},"author":2,"featured_media":3288,"comment_status":"closed","ping_status":"closed","sticky":false,"template":"","format":"standard","meta":{"footnotes":""},"categories":[10],"tags":[42,50],"class_list":["post-3267","post","type-post","status-publish","format-standard","has-post-thumbnail","hentry","category-noticias","tag-canto-de-pvc","tag-muebles-de-melamina"],"yoast_head":"<!-- This site is optimized with the Yoast SEO plugin v24.3 - https:\/\/yoast.com\/wordpress\/plugins\/seo\/ -->\n<title>Las ventajas del tablero de melamina blanco canteado.<\/title>\n<meta name=\"description\" content=\"Si hay una soluci\u00f3n extendida entre los fabricantes de mobiliario es el del tablero de melamina blanco canteado.\" \/>\n<meta name=\"robots\" content=\"index, follow, max-snippet:-1, max-image-preview:large, max-video-preview:-1\" \/>\n<link rel=\"canonical\" href=\"https:\/\/protecnic.es\/en\/las-ventajas-del-tablero-de-melamina-blanco-canteado\/\" \/>\n<meta property=\"og:locale\" content=\"en_GB\" \/>\n<meta property=\"og:type\" content=\"article\" \/>\n<meta property=\"og:title\" content=\"Las ventajas del tablero de melamina blanco canteado.\" \/>\n<meta property=\"og:description\" content=\"Si hay una soluci\u00f3n extendida entre los fabricantes de mobiliario es el del tablero de melamina blanco canteado.\" \/>\n<meta property=\"og:url\" content=\"https:\/\/protecnic.es\/en\/las-ventajas-del-tablero-de-melamina-blanco-canteado\/\" \/>\n<meta property=\"og:site_name\" content=\"Protecnic\" \/>\n<meta property=\"article:publisher\" content=\"https:\/\/www.facebook.com\/grupo.protecnic\" \/>\n<meta property=\"article:published_time\" content=\"2022-08-24T09:00:30+00:00\" \/>\n<meta property=\"article:modified_time\" content=\"2022-10-19T06:00:32+00:00\" \/>\n<meta property=\"og:image\" content=\"https:\/\/protecnic.es\/wp-content\/uploads\/2022\/08\/PAREJA-MUEBLES-BLANCOS-scaled.jpg\" \/>\n\t<meta property=\"og:image:width\" content=\"2560\" \/>\n\t<meta property=\"og:image:height\" content=\"1709\" \/>\n\t<meta property=\"og:image:type\" content=\"image\/jpeg\" \/>\n<meta name=\"author\" content=\"Mar\u00eda\" \/>\n<meta name=\"twitter:card\" content=\"summary_large_image\" \/>\n<meta name=\"twitter:label1\" content=\"Written by\" \/>\n\t<meta name=\"twitter:data1\" content=\"Mar\u00eda\" \/>\n\t<meta name=\"twitter:label2\" content=\"Estimated reading time\" \/>\n\t<meta name=\"twitter:data2\" content=\"2 minutes\" \/>\n<script type=\"application\/ld+json\" class=\"yoast-schema-graph\">{\"@context\":\"https:\/\/schema.org\",\"@graph\":[{\"@type\":\"WebPage\",\"@id\":\"https:\/\/protecnic.es\/en\/las-ventajas-del-tablero-de-melamina-blanco-canteado\/\",\"url\":\"https:\/\/protecnic.es\/en\/las-ventajas-del-tablero-de-melamina-blanco-canteado\/\",\"name\":\"Las ventajas del tablero de melamina blanco canteado.\",\"isPartOf\":{\"@id\":\"https:\/\/protecnic.es\/#website\"},\"primaryImageOfPage\":{\"@id\":\"https:\/\/protecnic.es\/en\/las-ventajas-del-tablero-de-melamina-blanco-canteado\/#primaryimage\"},\"image\":{\"@id\":\"https:\/\/protecnic.es\/en\/las-ventajas-del-tablero-de-melamina-blanco-canteado\/#primaryimage\"},\"thumbnailUrl\":\"https:\/\/protecnic.es\/wp-content\/uploads\/2022\/08\/PAREJA-MUEBLES-BLANCOS-scaled.jpg\",\"datePublished\":\"2022-08-24T09:00:30+00:00\",\"dateModified\":\"2022-10-19T06:00:32+00:00\",\"author\":{\"@id\":\"https:\/\/protecnic.es\/#\/schema\/person\/5a59c7e91b4ec8214955e81ef9c7e4c1\"},\"description\":\"Si hay una soluci\u00f3n extendida entre los fabricantes de mobiliario es el del tablero de melamina blanco canteado.\",\"breadcrumb\":{\"@id\":\"https:\/\/protecnic.es\/en\/las-ventajas-del-tablero-de-melamina-blanco-canteado\/#breadcrumb\"},\"inLanguage\":\"en-GB\",\"potentialAction\":[{\"@type\":\"ReadAction\",\"target\":[\"https:\/\/protecnic.es\/en\/las-ventajas-del-tablero-de-melamina-blanco-canteado\/\"]}]},{\"@type\":\"ImageObject\",\"inLanguage\":\"en-GB\",\"@id\":\"https:\/\/protecnic.es\/en\/las-ventajas-del-tablero-de-melamina-blanco-canteado\/#primaryimage\",\"url\":\"https:\/\/protecnic.es\/wp-content\/uploads\/2022\/08\/PAREJA-MUEBLES-BLANCOS-scaled.jpg\",\"contentUrl\":\"https:\/\/protecnic.es\/wp-content\/uploads\/2022\/08\/PAREJA-MUEBLES-BLANCOS-scaled.jpg\",\"width\":2560,\"height\":1709,\"caption\":\"pareja eligiendo muebles blancos de melamina canteados\"},{\"@type\":\"BreadcrumbList\",\"@id\":\"https:\/\/protecnic.es\/en\/las-ventajas-del-tablero-de-melamina-blanco-canteado\/#breadcrumb\",\"itemListElement\":[{\"@type\":\"ListItem\",\"position\":1,\"name\":\"Home\",\"item\":\"https:\/\/protecnic.es\/\"},{\"@type\":\"ListItem\",\"position\":2,\"name\":\"Las ventajas del tablero de melamina blanco y canteado\"}]},{\"@type\":\"WebSite\",\"@id\":\"https:\/\/protecnic.es\/#website\",\"url\":\"https:\/\/protecnic.es\/\",\"name\":\"Protecnic\",\"description\":\"Protecnic\",\"potentialAction\":[{\"@type\":\"SearchAction\",\"target\":{\"@type\":\"EntryPoint\",\"urlTemplate\":\"https:\/\/protecnic.es\/?s={search_term_string}\"},\"query-input\":{\"@type\":\"PropertyValueSpecification\",\"valueRequired\":true,\"valueName\":\"search_term_string\"}}],\"inLanguage\":\"en-GB\"},{\"@type\":\"Person\",\"@id\":\"https:\/\/protecnic.es\/#\/schema\/person\/5a59c7e91b4ec8214955e81ef9c7e4c1\",\"name\":\"Mar\u00eda\",\"image\":{\"@type\":\"ImageObject\",\"inLanguage\":\"en-GB\",\"@id\":\"https:\/\/protecnic.es\/#\/schema\/person\/image\/\",\"url\":\"https:\/\/secure.gravatar.com\/avatar\/5bafba370dadef92a0bd3b90f68ea750?s=96&d=mm&r=g\",\"contentUrl\":\"https:\/\/secure.gravatar.com\/avatar\/5bafba370dadef92a0bd3b90f68ea750?s=96&d=mm&r=g\",\"caption\":\"Mar\u00eda\"},\"url\":\"https:\/\/protecnic.es\/en\/author\/maria\/\"}]}<\/script>\n<!-- \/ Yoast SEO plugin. -->","yoast_head_json":{"title":"Las ventajas del tablero de melamina blanco canteado.","description":"Si hay una soluci\u00f3n extendida entre los fabricantes de mobiliario es el del tablero de melamina blanco canteado.","robots":{"index":"index","follow":"follow","max-snippet":"max-snippet:-1","max-image-preview":"max-image-preview:large","max-video-preview":"max-video-preview:-1"},"canonical":"https:\/\/protecnic.es\/en\/las-ventajas-del-tablero-de-melamina-blanco-canteado\/","og_locale":"en_GB","og_type":"article","og_title":"Las ventajas del tablero de melamina blanco canteado.","og_description":"Si hay una soluci\u00f3n extendida entre los fabricantes de mobiliario es el del tablero de melamina blanco canteado.","og_url":"https:\/\/protecnic.es\/en\/las-ventajas-del-tablero-de-melamina-blanco-canteado\/","og_site_name":"Protecnic","article_publisher":"https:\/\/www.facebook.com\/grupo.protecnic","article_published_time":"2022-08-24T09:00:30+00:00","article_modified_time":"2022-10-19T06:00:32+00:00","og_image":[{"width":2560,"height":1709,"url":"https:\/\/protecnic.es\/wp-content\/uploads\/2022\/08\/PAREJA-MUEBLES-BLANCOS-scaled.jpg","type":"image\/jpeg"}],"author":"Mar\u00eda","twitter_card":"summary_large_image","twitter_misc":{"Written by":"Mar\u00eda","Estimated reading time":"2 minutes"},"schema":{"@context":"https:\/\/schema.org","@graph":[{"@type":"WebPage","@id":"https:\/\/protecnic.es\/en\/las-ventajas-del-tablero-de-melamina-blanco-canteado\/","url":"https:\/\/protecnic.es\/en\/las-ventajas-del-tablero-de-melamina-blanco-canteado\/","name":"Las ventajas del tablero de melamina blanco canteado.","isPartOf":{"@id":"https:\/\/protecnic.es\/#website"},"primaryImageOfPage":{"@id":"https:\/\/protecnic.es\/en\/las-ventajas-del-tablero-de-melamina-blanco-canteado\/#primaryimage"},"image":{"@id":"https:\/\/protecnic.es\/en\/las-ventajas-del-tablero-de-melamina-blanco-canteado\/#primaryimage"},"thumbnailUrl":"https:\/\/protecnic.es\/wp-content\/uploads\/2022\/08\/PAREJA-MUEBLES-BLANCOS-scaled.jpg","datePublished":"2022-08-24T09:00:30+00:00","dateModified":"2022-10-19T06:00:32+00:00","author":{"@id":"https:\/\/protecnic.es\/#\/schema\/person\/5a59c7e91b4ec8214955e81ef9c7e4c1"},"description":"Si hay una soluci\u00f3n extendida entre los fabricantes de mobiliario es el del tablero de melamina blanco canteado.","breadcrumb":{"@id":"https:\/\/protecnic.es\/en\/las-ventajas-del-tablero-de-melamina-blanco-canteado\/#breadcrumb"},"inLanguage":"en-GB","potentialAction":[{"@type":"ReadAction","target":["https:\/\/protecnic.es\/en\/las-ventajas-del-tablero-de-melamina-blanco-canteado\/"]}]},{"@type":"ImageObject","inLanguage":"en-GB","@id":"https:\/\/protecnic.es\/en\/las-ventajas-del-tablero-de-melamina-blanco-canteado\/#primaryimage","url":"https:\/\/protecnic.es\/wp-content\/uploads\/2022\/08\/PAREJA-MUEBLES-BLANCOS-scaled.jpg","contentUrl":"https:\/\/protecnic.es\/wp-content\/uploads\/2022\/08\/PAREJA-MUEBLES-BLANCOS-scaled.jpg","width":2560,"height":1709,"caption":"pareja eligiendo muebles blancos de melamina canteados"},{"@type":"BreadcrumbList","@id":"https:\/\/protecnic.es\/en\/las-ventajas-del-tablero-de-melamina-blanco-canteado\/#breadcrumb","itemListElement":[{"@type":"ListItem","position":1,"name":"Home","item":"https:\/\/protecnic.es\/"},{"@type":"ListItem","position":2,"name":"Las ventajas del tablero de melamina blanco y canteado"}]},{"@type":"WebSite","@id":"https:\/\/protecnic.es\/#website","url":"https:\/\/protecnic.es\/","name":"Protecnic","description":"Protecnic","potentialAction":[{"@type":"SearchAction","target":{"@type":"EntryPoint","urlTemplate":"https:\/\/protecnic.es\/?s={search_term_string}"},"query-input":{"@type":"PropertyValueSpecification","valueRequired":true,"valueName":"search_term_string"}}],"inLanguage":"en-GB"},{"@type":"Person","@id":"https:\/\/protecnic.es\/#\/schema\/person\/5a59c7e91b4ec8214955e81ef9c7e4c1","name":"Mar\u00eda","image":{"@type":"ImageObject","inLanguage":"en-GB","@id":"https:\/\/protecnic.es\/#\/schema\/person\/image\/","url":"https:\/\/secure.gravatar.com\/avatar\/5bafba370dadef92a0bd3b90f68ea750?s=96&d=mm&r=g","contentUrl":"https:\/\/secure.gravatar.com\/avatar\/5bafba370dadef92a0bd3b90f68ea750?s=96&d=mm&r=g","caption":"Mar\u00eda"},"url":"https:\/\/protecnic.es\/en\/author\/maria\/"}]}},"jetpack_featured_media_url":"https:\/\/protecnic.es\/wp-content\/uploads\/2022\/08\/PAREJA-MUEBLES-BLANCOS-scaled.jpg","_links":{"self":[{"href":"https:\/\/protecnic.es\/en\/wp-json\/wp\/v2\/posts\/3267"}],"collection":[{"href":"https:\/\/protecnic.es\/en\/wp-json\/wp\/v2\/posts"}],"about":[{"href":"https:\/\/protecnic.es\/en\/wp-json\/wp\/v2\/types\/post"}],"author":[{"embeddable":true,"href":"https:\/\/protecnic.es\/en\/wp-json\/wp\/v2\/users\/2"}],"replies":[{"embeddable":true,"href":"https:\/\/protecnic.es\/en\/wp-json\/wp\/v2\/comments?post=3267"}],"version-history":[{"count":5,"href":"https:\/\/protecnic.es\/en\/wp-json\/wp\/v2\/posts\/3267\/revisions"}],"predecessor-version":[{"id":3655,"href":"https:\/\/protecnic.es\/en\/wp-json\/wp\/v2\/posts\/3267\/revisions\/3655"}],"wp:featuredmedia":[{"embeddable":true,"href":"https:\/\/protecnic.es\/en\/wp-json\/wp\/v2\/media\/3288"}],"wp:attachment":[{"href":"https:\/\/protecnic.es\/en\/wp-json\/wp\/v2\/media?parent=3267"}],"wp:term":[{"taxonomy":"category","embeddable":true,"href":"https:\/\/protecnic.es\/en\/wp-json\/wp\/v2\/categories?post=3267"},{"taxonomy":"post_tag","embeddable":true,"href":"https:\/\/protecnic.es\/en\/wp-json\/wp\/v2\/tags?post=3267"}],"curies":[{"name":"wp","href":"https:\/\/api.w.org\/{rel}","templated":true}]}}