{"id":3487,"date":"2022-08-24T15:51:23","date_gmt":"2022-08-24T13:51:23","guid":{"rendered":"https:\/\/protecnic.es\/?p=3487"},"modified":"2022-10-04T11:30:43","modified_gmt":"2022-10-04T09:30:43","slug":"tablero-de-melamina-canteado-como-fabricamos-los-cantos","status":"publish","type":"post","link":"https:\/\/protecnic.es\/en\/edged-melamine-board-how-do-we-manufacture-the-edges\/","title":{"rendered":"Edged melamine board, how do we manufacture the edges?"},"content":{"rendered":"<div data-elementor-type=\"wp-post\" data-elementor-id=\"3487\" class=\"elementor elementor-3487\" data-elementor-post-type=\"post\">\n\t\t\t\t\t\t<section class=\"elementor-section elementor-top-section elementor-element elementor-element-28508272 elementor-section-boxed elementor-section-height-default elementor-section-height-default\" data-id=\"28508272\" data-element_type=\"section\">\n\t\t\t\t\t\t<div class=\"elementor-container elementor-column-gap-default\">\n\t\t\t\t\t<div class=\"elementor-column elementor-col-50 elementor-top-column elementor-element elementor-element-1125c8f0\" data-id=\"1125c8f0\" data-element_type=\"column\">\n\t\t\t<div class=\"elementor-widget-wrap elementor-element-populated\">\n\t\t\t\t\t\t<div class=\"elementor-element elementor-element-336da3d7 elementor-widget elementor-widget-text-editor\" data-id=\"336da3d7\" data-element_type=\"widget\" data-widget_type=\"text-editor.default\">\n\t\t\t\t<div class=\"elementor-widget-container\">\n\t\t\t\t\t\t\t<p>Melamine edged boards are the main material for the manufacture of furniture. Melamine coated wood is the material of choice for the vast majority of industries in the furniture sector. In particular, melamine is a stable and resistant synthetic polymer that is used in all kinds of industrial solutions.<\/p><p>It is essential to know that when you work with melamine boards, the edges are unprotected, so to manufacture a piece it is necessary to have an edged melamine board. This is where Protecnic comes in. Our extrusion team has been designing and manufacturing ABS PVC edges for the furniture industry for over 25 years.<\/p><p>The main function of the edges is to protect the board from all kinds of knocks, scratches and dampness, which is why it is so important to have a melamine board with edges when manufacturing the furniture.<\/p>\t\t\t\t\t\t<\/div>\n\t\t\t\t<\/div>\n\t\t\t\t\t<\/div>\n\t\t<\/div>\n\t\t\t\t<div class=\"elementor-column elementor-col-50 elementor-top-column elementor-element elementor-element-6effafa8\" data-id=\"6effafa8\" data-element_type=\"column\">\n\t\t\t<div class=\"elementor-widget-wrap elementor-element-populated\">\n\t\t\t\t\t\t<div class=\"elementor-element elementor-element-5a41758c elementor-widget elementor-widget-image\" data-id=\"5a41758c\" data-element_type=\"widget\" data-widget_type=\"image.default\">\n\t\t\t\t<div class=\"elementor-widget-container\">\n\t\t\t\t\t\t\t\t\t\t\t\t\t<img fetchpriority=\"high\" decoding=\"async\" width=\"800\" height=\"534\" src=\"https:\/\/protecnic.es\/wp-content\/uploads\/2022\/07\/IMG_2103-scaled-1-1-2-1-1024x683.jpg\" class=\"attachment-large size-large wp-image-2992\" alt=\"An\u00e1lisis dise\u00f1o de cantos para tableros de melamina\" srcset=\"https:\/\/protecnic.es\/wp-content\/uploads\/2022\/07\/IMG_2103-scaled-1-1-2-1-1024x683.jpg 1024w, https:\/\/protecnic.es\/wp-content\/uploads\/2022\/07\/IMG_2103-scaled-1-1-2-1-300x200.jpg 300w, https:\/\/protecnic.es\/wp-content\/uploads\/2022\/07\/IMG_2103-scaled-1-1-2-1-768x512.jpg 768w, https:\/\/protecnic.es\/wp-content\/uploads\/2022\/07\/IMG_2103-scaled-1-1-2-1-1536x1024.jpg 1536w, https:\/\/protecnic.es\/wp-content\/uploads\/2022\/07\/IMG_2103-scaled-1-1-2-1-2048x1366.jpg 2048w, https:\/\/protecnic.es\/wp-content\/uploads\/2022\/07\/IMG_2103-scaled-1-1-2-1-18x12.jpg 18w\" sizes=\"(max-width: 800px) 100vw, 800px\" \/>\t\t\t\t\t\t\t\t\t\t\t\t\t<\/div>\n\t\t\t\t<\/div>\n\t\t\t\t\t<\/div>\n\t\t<\/div>\n\t\t\t\t\t<\/div>\n\t\t<\/section>\n\t\t\t\t<section class=\"elementor-section elementor-top-section elementor-element elementor-element-521bde0a elementor-section-boxed elementor-section-height-default elementor-section-height-default\" data-id=\"521bde0a\" data-element_type=\"section\">\n\t\t\t\t\t\t<div class=\"elementor-container elementor-column-gap-default\">\n\t\t\t\t\t<div class=\"elementor-column elementor-col-100 elementor-top-column elementor-element elementor-element-6527d4f9\" data-id=\"6527d4f9\" data-element_type=\"column\">\n\t\t\t<div class=\"elementor-widget-wrap elementor-element-populated\">\n\t\t\t\t\t\t<div class=\"elementor-element elementor-element-5fbe01fa elementor-widget elementor-widget-text-editor\" data-id=\"5fbe01fa\" data-element_type=\"widget\" data-widget_type=\"text-editor.default\">\n\t\t\t\t<div class=\"elementor-widget-container\">\n\t\t\t\t\t\t\t<p class=\"Cuerpo\" style=\"text-align: justify; line-height: 120%;\"><b><span lang=\"ES-TRAD\">How are edges fabricated?<\/span><\/b><\/p><p class=\"Cuerpo\" style=\"text-align: justify; line-height: 120%;\"><span lang=\"ES-TRAD\">In our facilities we have four extrusion lines that are kept in continuous operation in order to manufacture PVC and ABS edges. Following the guidelines set by our customers: colours, finishes and veins they need, our team manufactures the different edges to the exact size. Our mission is that these are invisible to the eye and the edged melamine board has a continuous and fluid image.<\/span><\/p>\t\t\t\t\t\t<\/div>\n\t\t\t\t<\/div>\n\t\t\t\t\t<\/div>\n\t\t<\/div>\n\t\t\t\t\t<\/div>\n\t\t<\/section>\n\t\t\t\t<section class=\"elementor-section elementor-top-section elementor-element elementor-element-63072fd9 elementor-section-boxed elementor-section-height-default elementor-section-height-default\" data-id=\"63072fd9\" data-element_type=\"section\">\n\t\t\t\t\t\t<div class=\"elementor-container elementor-column-gap-default\">\n\t\t\t\t\t<div class=\"elementor-column elementor-col-50 elementor-top-column elementor-element elementor-element-390e056e\" data-id=\"390e056e\" data-element_type=\"column\">\n\t\t\t<div class=\"elementor-widget-wrap elementor-element-populated\">\n\t\t\t\t\t\t<div class=\"elementor-element elementor-element-f5e8b20 elementor-widget elementor-widget-text-editor\" data-id=\"f5e8b20\" data-element_type=\"widget\" data-widget_type=\"text-editor.default\">\n\t\t\t\t<div class=\"elementor-widget-container\">\n\t\t\t\t\t\t\t<p>After the edgebanding process has been completed, an adhesive is applied to the back of the PVC film, which is suitable for the hotmelt glues used in edgebanding machines used by furniture manufacturers.<\/p><p>At Protecnic we have a catalogue of more than 5000 references of PVC ABS edging. In addition, our sample book expands month by month, adapting to industry trends. Our office specialises in creating counter-types that fit the latest melamine board designs to the millimetre, manufacturing them and delivering them to the customer as they wish.<\/p>\t\t\t\t\t\t<\/div>\n\t\t\t\t<\/div>\n\t\t\t\t\t<\/div>\n\t\t<\/div>\n\t\t\t\t<div class=\"elementor-column elementor-col-50 elementor-top-column elementor-element elementor-element-43445fff\" data-id=\"43445fff\" data-element_type=\"column\">\n\t\t\t<div class=\"elementor-widget-wrap elementor-element-populated\">\n\t\t\t\t\t\t<div class=\"elementor-element elementor-element-febd468 elementor-widget elementor-widget-image\" data-id=\"febd468\" data-element_type=\"widget\" data-widget_type=\"image.default\">\n\t\t\t\t<div class=\"elementor-widget-container\">\n\t\t\t\t\t\t\t\t\t\t\t\t\t<img decoding=\"async\" width=\"800\" height=\"534\" src=\"https:\/\/protecnic.es\/wp-content\/uploads\/2022\/08\/GALERIA-07-1024x683.jpg\" class=\"attachment-large size-large wp-image-3390\" alt=\"PVC tipo de tapacanto para melamina\" srcset=\"https:\/\/protecnic.es\/wp-content\/uploads\/2022\/08\/GALERIA-07-1024x683.jpg 1024w, https:\/\/protecnic.es\/wp-content\/uploads\/2022\/08\/GALERIA-07-300x200.jpg 300w, https:\/\/protecnic.es\/wp-content\/uploads\/2022\/08\/GALERIA-07-768x512.jpg 768w, https:\/\/protecnic.es\/wp-content\/uploads\/2022\/08\/GALERIA-07-1536x1024.jpg 1536w, https:\/\/protecnic.es\/wp-content\/uploads\/2022\/08\/GALERIA-07-2048x1365.jpg 2048w, https:\/\/protecnic.es\/wp-content\/uploads\/2022\/08\/GALERIA-07-18x12.jpg 18w\" sizes=\"(max-width: 800px) 100vw, 800px\" \/>\t\t\t\t\t\t\t\t\t\t\t\t\t<\/div>\n\t\t\t\t<\/div>\n\t\t\t\t\t<\/div>\n\t\t<\/div>\n\t\t\t\t\t<\/div>\n\t\t<\/section>\n\t\t\t\t<\/div>\n\t\t  <div class=\"related-post grid\">\r\n      <div class=\"post-list\">\r\n\r\n            <div class=\"item\">\r\n            <div class=\"thumb post_thumb\">\r\n    <a  title=\"PROTECNIC, OBTIENE LA AYUDA DEL PROGRAMA PARA LA MEJORA DE LA COMPETITIVIDAD Y LA SOSTENIBILIDAD\" href=\"https:\/\/protecnic.es\/en\/protecnic-obtiene-la-ayuda-del-programa-para-la-mejora-de-la-competitividad-y-la-sostenibilidad\/?related_post_from=250\">\r\n\r\n      <img decoding=\"async\" width=\"435\" height=\"240\" src=\"https:\/\/protecnic.es\/wp-content\/uploads\/2020\/11\/NOTICIA-AYUDA-2.jpg\" class=\"attachment-full size-full wp-post-image\" alt=\"\" srcset=\"https:\/\/protecnic.es\/wp-content\/uploads\/2020\/11\/NOTICIA-AYUDA-2.jpg 435w, https:\/\/protecnic.es\/wp-content\/uploads\/2020\/11\/NOTICIA-AYUDA-2-300x166.jpg 300w, https:\/\/protecnic.es\/wp-content\/uploads\/2020\/11\/NOTICIA-AYUDA-2-16x9.jpg 16w\" sizes=\"(max-width: 435px) 100vw, 435px\" \/>\r\n\r\n    <\/a>\r\n  <\/div>\r\n\r\n  <a class=\"title post_title\"  title=\"PROTECNIC, OBTIENE LA AYUDA DEL PROGRAMA PARA LA MEJORA DE LA COMPETITIVIDAD Y LA SOSTENIBILIDAD\" href=\"https:\/\/protecnic.es\/en\/protecnic-obtiene-la-ayuda-del-programa-para-la-mejora-de-la-competitividad-y-la-sostenibilidad\/?related_post_from=250\">\r\n        PROTECNIC, OBTIENE LA AYUDA DEL PROGRAMA PARA LA MEJORA DE LA COMPETITIVIDAD Y LA SOSTENIBILIDAD  <\/a>\r\n\r\n        <\/div>\r\n              <div class=\"item\">\r\n            <div class=\"thumb post_thumb\">\r\n    <a  title=\"PRESENTAMOS NUESTRO CAMBIO DE IMAGEN\" href=\"https:\/\/protecnic.es\/en\/presentamos-nuestro-cambio-de-imagen\/?related_post_from=648\">\r\n\r\n      <img loading=\"lazy\" decoding=\"async\" width=\"2560\" height=\"1440\" src=\"https:\/\/protecnic.es\/wp-content\/uploads\/2021\/01\/LOGOS-PROTECNIC_LOGO-PROTECNIC-TAGLINE-scaled.jpg\" class=\"attachment-full size-full wp-post-image\" alt=\"logo protecnic\" srcset=\"https:\/\/protecnic.es\/wp-content\/uploads\/2021\/01\/LOGOS-PROTECNIC_LOGO-PROTECNIC-TAGLINE-scaled.jpg 2560w, https:\/\/protecnic.es\/wp-content\/uploads\/2021\/01\/LOGOS-PROTECNIC_LOGO-PROTECNIC-TAGLINE-300x169.jpg 300w, https:\/\/protecnic.es\/wp-content\/uploads\/2021\/01\/LOGOS-PROTECNIC_LOGO-PROTECNIC-TAGLINE-1024x576.jpg 1024w, https:\/\/protecnic.es\/wp-content\/uploads\/2021\/01\/LOGOS-PROTECNIC_LOGO-PROTECNIC-TAGLINE-768x432.jpg 768w, https:\/\/protecnic.es\/wp-content\/uploads\/2021\/01\/LOGOS-PROTECNIC_LOGO-PROTECNIC-TAGLINE-1536x864.jpg 1536w, https:\/\/protecnic.es\/wp-content\/uploads\/2021\/01\/LOGOS-PROTECNIC_LOGO-PROTECNIC-TAGLINE-2048x1152.jpg 2048w, https:\/\/protecnic.es\/wp-content\/uploads\/2021\/01\/LOGOS-PROTECNIC_LOGO-PROTECNIC-TAGLINE-18x10.jpg 18w\" sizes=\"(max-width: 2560px) 100vw, 2560px\" \/>\r\n\r\n    <\/a>\r\n  <\/div>\r\n\r\n  <a class=\"title post_title\"  title=\"PRESENTAMOS NUESTRO CAMBIO DE IMAGEN\" href=\"https:\/\/protecnic.es\/en\/presentamos-nuestro-cambio-de-imagen\/?related_post_from=648\">\r\n        PRESENTAMOS NUESTRO CAMBIO DE IMAGEN  <\/a>\r\n\r\n        <\/div>\r\n              <div class=\"item\">\r\n            <div class=\"thumb post_thumb\">\r\n    <a  title=\"Closer to our customers\" href=\"https:\/\/protecnic.es\/en\/closer-to-our-customers\/?related_post_from=653\">\r\n\r\n      <img loading=\"lazy\" decoding=\"async\" width=\"2560\" height=\"1707\" src=\"https:\/\/protecnic.es\/wp-content\/uploads\/2021\/02\/noticia-5-1-scaled.jpg\" class=\"attachment-full size-full wp-post-image\" alt=\"sala de reuniones videoconferencias\" srcset=\"https:\/\/protecnic.es\/wp-content\/uploads\/2021\/02\/noticia-5-1-scaled.jpg 2560w, https:\/\/protecnic.es\/wp-content\/uploads\/2021\/02\/noticia-5-1-300x200.jpg 300w, https:\/\/protecnic.es\/wp-content\/uploads\/2021\/02\/noticia-5-1-1024x683.jpg 1024w, https:\/\/protecnic.es\/wp-content\/uploads\/2021\/02\/noticia-5-1-768x512.jpg 768w, https:\/\/protecnic.es\/wp-content\/uploads\/2021\/02\/noticia-5-1-1536x1024.jpg 1536w, https:\/\/protecnic.es\/wp-content\/uploads\/2021\/02\/noticia-5-1-2048x1365.jpg 2048w, https:\/\/protecnic.es\/wp-content\/uploads\/2021\/02\/noticia-5-1-16x12.jpg 16w\" sizes=\"(max-width: 2560px) 100vw, 2560px\" \/>\r\n\r\n    <\/a>\r\n  <\/div>\r\n\r\n  <a class=\"title post_title\"  title=\"Closer to our customers\" href=\"https:\/\/protecnic.es\/en\/closer-to-our-customers\/?related_post_from=653\">\r\n        Closer to our customers  <\/a>\r\n\r\n        <\/div>\r\n      \r\n  <\/div>\r\n\r\n  <script>\r\n      <\/script>\r\n  <style>\r\n    .related-post {}\r\n\r\n    .related-post .post-list {\r\n      text-align: center;\r\n          }\r\n\r\n    .related-post .post-list .item {\r\n      margin: 10px;\r\n      padding: 25px;\r\n          }\r\n\r\n    .related-post .headline {\r\n      font-size: 18px !important;\r\n      color: #999999 !important;\r\n          }\r\n\r\n    .related-post .post-list .item .post_thumb {\r\n      max-height: 300px;\r\n      margin: 10px 0px;\r\n      padding: 0px;\r\n      display: block;\r\n          }\r\n\r\n    .related-post .post-list .item .post_title {\r\n      font-size: 16px;\r\n      color: #a83d72;\r\n      margin: 10px 0px;\r\n      padding: 0px;\r\n      line-height: bold;\r\n      display: block;\r\n      text-decoration: none;\r\n      font-weight: bold;    }\r\n\r\n    .related-post .post-list .item .post_excerpt {\r\n      font-size: 13px;\r\n      color: #3f3f3f;\r\n      margin: 10px 0px;\r\n      padding: 0px;\r\n      display: block;\r\n      text-decoration: none;\r\n          }\r\n\r\n    @media only screen and (min-width: 1024px) {\r\n      .related-post .post-list .item {\r\n        width: 20%;\r\n      }\r\n    }\r\n\r\n    @media only screen and (min-width: 768px) and (max-width: 1023px) {\r\n      .related-post .post-list .item {\r\n        width: 90%;\r\n      }\r\n    }\r\n\r\n    @media only screen and (min-width: 0px) and (max-width: 767px) {\r\n      .related-post .post-list .item {\r\n        width: 90%;\r\n      }\r\n    }\r\n\r\n      <\/style>\r\n    <\/div>","protected":false},"excerpt":{"rendered":"<p>El tablero de melamina canteado son el principal material para la fabricaci\u00f3n de muebles. La madera recubierta de melamina es el material escogido por la gran mayor\u00eda de industrias del sector del mobiliario. En concreto, la melamina es un pol\u00edmero sint\u00e9tico estable y resistente que se utiliza en todo tipo de soluciones industriales. Es esencial [&hellip;]<\/p>\n  <div class=\"related-post grid\">\r\n      <div class=\"post-list\">\r\n\r\n            <div class=\"item\">\r\n            <div class=\"thumb post_thumb\">\r\n    <a  title=\"PROTECNIC, OBTIENE LA AYUDA DEL PROGRAMA PARA LA MEJORA DE LA COMPETITIVIDAD Y LA SOSTENIBILIDAD\" href=\"https:\/\/protecnic.es\/en\/protecnic-obtiene-la-ayuda-del-programa-para-la-mejora-de-la-competitividad-y-la-sostenibilidad\/?related_post_from=250\">\r\n\r\n      <img loading=\"lazy\" width=\"435\" height=\"240\" src=\"https:\/\/protecnic.es\/wp-content\/uploads\/2020\/11\/NOTICIA-AYUDA-2.jpg\" class=\"attachment-full size-full wp-post-image\" alt=\"\" decoding=\"async\" srcset=\"https:\/\/protecnic.es\/wp-content\/uploads\/2020\/11\/NOTICIA-AYUDA-2.jpg 435w, https:\/\/protecnic.es\/wp-content\/uploads\/2020\/11\/NOTICIA-AYUDA-2-300x166.jpg 300w, https:\/\/protecnic.es\/wp-content\/uploads\/2020\/11\/NOTICIA-AYUDA-2-16x9.jpg 16w\" sizes=\"(max-width: 435px) 100vw, 435px\" \/>\r\n\r\n    <\/a>\r\n  <\/div>\r\n\r\n  <a class=\"title post_title\"  title=\"PROTECNIC, OBTIENE LA AYUDA DEL PROGRAMA PARA LA MEJORA DE LA COMPETITIVIDAD Y LA SOSTENIBILIDAD\" href=\"https:\/\/protecnic.es\/en\/protecnic-obtiene-la-ayuda-del-programa-para-la-mejora-de-la-competitividad-y-la-sostenibilidad\/?related_post_from=250\">\r\n        PROTECNIC, OBTIENE LA AYUDA DEL PROGRAMA PARA LA MEJORA DE LA COMPETITIVIDAD Y LA SOSTENIBILIDAD  <\/a>\r\n\r\n        <\/div>\r\n              <div class=\"item\">\r\n            <div class=\"thumb post_thumb\">\r\n    <a  title=\"PRESENTAMOS NUESTRO CAMBIO DE IMAGEN\" href=\"https:\/\/protecnic.es\/en\/presentamos-nuestro-cambio-de-imagen\/?related_post_from=648\">\r\n\r\n      <img loading=\"lazy\" width=\"2560\" height=\"1440\" src=\"https:\/\/protecnic.es\/wp-content\/uploads\/2021\/01\/LOGOS-PROTECNIC_LOGO-PROTECNIC-TAGLINE-scaled.jpg\" class=\"attachment-full size-full wp-post-image\" alt=\"logo protecnic\" decoding=\"async\" srcset=\"https:\/\/protecnic.es\/wp-content\/uploads\/2021\/01\/LOGOS-PROTECNIC_LOGO-PROTECNIC-TAGLINE-scaled.jpg 2560w, https:\/\/protecnic.es\/wp-content\/uploads\/2021\/01\/LOGOS-PROTECNIC_LOGO-PROTECNIC-TAGLINE-300x169.jpg 300w, https:\/\/protecnic.es\/wp-content\/uploads\/2021\/01\/LOGOS-PROTECNIC_LOGO-PROTECNIC-TAGLINE-1024x576.jpg 1024w, https:\/\/protecnic.es\/wp-content\/uploads\/2021\/01\/LOGOS-PROTECNIC_LOGO-PROTECNIC-TAGLINE-768x432.jpg 768w, https:\/\/protecnic.es\/wp-content\/uploads\/2021\/01\/LOGOS-PROTECNIC_LOGO-PROTECNIC-TAGLINE-1536x864.jpg 1536w, https:\/\/protecnic.es\/wp-content\/uploads\/2021\/01\/LOGOS-PROTECNIC_LOGO-PROTECNIC-TAGLINE-2048x1152.jpg 2048w, https:\/\/protecnic.es\/wp-content\/uploads\/2021\/01\/LOGOS-PROTECNIC_LOGO-PROTECNIC-TAGLINE-18x10.jpg 18w\" sizes=\"(max-width: 2560px) 100vw, 2560px\" \/>\r\n\r\n    <\/a>\r\n  <\/div>\r\n\r\n  <a class=\"title post_title\"  title=\"PRESENTAMOS NUESTRO CAMBIO DE IMAGEN\" href=\"https:\/\/protecnic.es\/en\/presentamos-nuestro-cambio-de-imagen\/?related_post_from=648\">\r\n        PRESENTAMOS NUESTRO CAMBIO DE IMAGEN  <\/a>\r\n\r\n        <\/div>\r\n              <div class=\"item\">\r\n            <div class=\"thumb post_thumb\">\r\n    <a  title=\"2021, EL A\u00d1O DE LAS INNOVACIONES PARA PROTECNIC\" href=\"https:\/\/protecnic.es\/en\/2021-el-ano-de-las-innovaciones-para-protecnic\/?related_post_from=651\">\r\n\r\n      <img loading=\"lazy\" width=\"1200\" height=\"675\" src=\"https:\/\/protecnic.es\/wp-content\/uploads\/2021\/01\/GIF-LOGO-25-ANOS.gif\" class=\"attachment-full size-full wp-post-image\" alt=\"\" decoding=\"async\" \/>\r\n\r\n    <\/a>\r\n  <\/div>\r\n\r\n  <a class=\"title post_title\"  title=\"2021, EL A\u00d1O DE LAS INNOVACIONES PARA PROTECNIC\" href=\"https:\/\/protecnic.es\/en\/2021-el-ano-de-las-innovaciones-para-protecnic\/?related_post_from=651\">\r\n        2021, EL A\u00d1O DE LAS INNOVACIONES PARA PROTECNIC  <\/a>\r\n\r\n        <\/div>\r\n      \r\n  <\/div>\r\n\r\n  <script>\r\n      <\/script>\r\n  <style>\r\n    .related-post {}\r\n\r\n    .related-post .post-list {\r\n      text-align: center;\r\n          }\r\n\r\n    .related-post .post-list .item {\r\n      margin: 10px;\r\n      padding: 25px;\r\n          }\r\n\r\n    .related-post .headline {\r\n      font-size: 18px !important;\r\n      color: #999999 !important;\r\n          }\r\n\r\n    .related-post .post-list .item .post_thumb {\r\n      max-height: 300px;\r\n      margin: 10px 0px;\r\n      padding: 0px;\r\n      display: block;\r\n          }\r\n\r\n    .related-post .post-list .item .post_title {\r\n      font-size: 16px;\r\n      color: #a83d72;\r\n      margin: 10px 0px;\r\n      padding: 0px;\r\n      line-height: bold;\r\n      display: block;\r\n      text-decoration: none;\r\n      font-weight: bold;    }\r\n\r\n    .related-post .post-list .item .post_excerpt {\r\n      font-size: 13px;\r\n      color: #3f3f3f;\r\n      margin: 10px 0px;\r\n      padding: 0px;\r\n      display: block;\r\n      text-decoration: none;\r\n          }\r\n\r\n    @media only screen and (min-width: 1024px) {\r\n      .related-post .post-list .item {\r\n        width: 20%;\r\n      }\r\n    }\r\n\r\n    @media only screen and (min-width: 768px) and (max-width: 1023px) {\r\n      .related-post .post-list .item {\r\n        width: 90%;\r\n      }\r\n    }\r\n\r\n    @media only screen and (min-width: 0px) and (max-width: 767px) {\r\n      .related-post .post-list .item {\r\n        width: 90%;\r\n      }\r\n    }\r\n\r\n      <\/style>\r\n    <\/div>","protected":false},"author":2,"featured_media":2992,"comment_status":"closed","ping_status":"open","sticky":false,"template":"","format":"standard","meta":{"footnotes":""},"categories":[10],"tags":[64],"class_list":["post-3487","post","type-post","status-publish","format-standard","has-post-thumbnail","hentry","category-noticias","tag-tablero-melamina-canteado"],"yoast_head":"<!-- This site is optimized with the Yoast SEO plugin v24.3 - https:\/\/yoast.com\/wordpress\/plugins\/seo\/ -->\n<title>Tablero de melamina canteado. \u00bfC\u00f3mo fabricamos los cantos? - Protecnic<\/title>\n<meta name=\"description\" content=\"Cuando trabajas con tableros de melamina, los bordes quedan sin protecci\u00f3n, por lo que necesitas un tablero de melamina canteado.\" \/>\n<meta name=\"robots\" content=\"index, follow, max-snippet:-1, max-image-preview:large, max-video-preview:-1\" \/>\n<link rel=\"canonical\" href=\"https:\/\/protecnic.es\/en\/tablero-de-melamina-canteado-como-fabricamos-los-cantos\/\" \/>\n<meta property=\"og:locale\" content=\"en_GB\" \/>\n<meta property=\"og:type\" content=\"article\" \/>\n<meta property=\"og:title\" content=\"Tablero de melamina canteado. \u00bfC\u00f3mo fabricamos los cantos? - Protecnic\" \/>\n<meta property=\"og:description\" content=\"Cuando trabajas con tableros de melamina, los bordes quedan sin protecci\u00f3n, por lo que necesitas un tablero de melamina canteado.\" \/>\n<meta property=\"og:url\" content=\"https:\/\/protecnic.es\/en\/tablero-de-melamina-canteado-como-fabricamos-los-cantos\/\" \/>\n<meta property=\"og:site_name\" content=\"Protecnic\" \/>\n<meta property=\"article:publisher\" content=\"https:\/\/www.facebook.com\/grupo.protecnic\" \/>\n<meta property=\"article:published_time\" content=\"2022-08-24T13:51:23+00:00\" \/>\n<meta property=\"article:modified_time\" content=\"2022-10-04T09:30:43+00:00\" \/>\n<meta property=\"og:image\" content=\"https:\/\/protecnic.es\/wp-content\/uploads\/2022\/07\/IMG_2103-scaled-1-1-2-1.jpg\" \/>\n\t<meta property=\"og:image:width\" content=\"2560\" \/>\n\t<meta property=\"og:image:height\" content=\"1707\" \/>\n\t<meta property=\"og:image:type\" content=\"image\/jpeg\" \/>\n<meta name=\"author\" content=\"Mar\u00eda\" \/>\n<meta name=\"twitter:card\" content=\"summary_large_image\" \/>\n<meta name=\"twitter:label1\" content=\"Written by\" \/>\n\t<meta name=\"twitter:data1\" content=\"Mar\u00eda\" \/>\n\t<meta name=\"twitter:label2\" content=\"Estimated reading time\" \/>\n\t<meta name=\"twitter:data2\" content=\"2 minutes\" \/>\n<script type=\"application\/ld+json\" class=\"yoast-schema-graph\">{\"@context\":\"https:\/\/schema.org\",\"@graph\":[{\"@type\":\"WebPage\",\"@id\":\"https:\/\/protecnic.es\/tablero-de-melamina-canteado-como-fabricamos-los-cantos\/\",\"url\":\"https:\/\/protecnic.es\/tablero-de-melamina-canteado-como-fabricamos-los-cantos\/\",\"name\":\"Tablero de melamina canteado. \u00bfC\u00f3mo fabricamos los cantos? - Protecnic\",\"isPartOf\":{\"@id\":\"https:\/\/protecnic.es\/#website\"},\"primaryImageOfPage\":{\"@id\":\"https:\/\/protecnic.es\/tablero-de-melamina-canteado-como-fabricamos-los-cantos\/#primaryimage\"},\"image\":{\"@id\":\"https:\/\/protecnic.es\/tablero-de-melamina-canteado-como-fabricamos-los-cantos\/#primaryimage\"},\"thumbnailUrl\":\"https:\/\/protecnic.es\/wp-content\/uploads\/2022\/07\/IMG_2103-scaled-1-1-2-1.jpg\",\"datePublished\":\"2022-08-24T13:51:23+00:00\",\"dateModified\":\"2022-10-04T09:30:43+00:00\",\"author\":{\"@id\":\"https:\/\/protecnic.es\/#\/schema\/person\/5a59c7e91b4ec8214955e81ef9c7e4c1\"},\"description\":\"Cuando trabajas con tableros de melamina, los bordes quedan sin protecci\u00f3n, por lo que necesitas un tablero de melamina canteado.\",\"breadcrumb\":{\"@id\":\"https:\/\/protecnic.es\/tablero-de-melamina-canteado-como-fabricamos-los-cantos\/#breadcrumb\"},\"inLanguage\":\"en-GB\",\"potentialAction\":[{\"@type\":\"ReadAction\",\"target\":[\"https:\/\/protecnic.es\/tablero-de-melamina-canteado-como-fabricamos-los-cantos\/\"]}]},{\"@type\":\"ImageObject\",\"inLanguage\":\"en-GB\",\"@id\":\"https:\/\/protecnic.es\/tablero-de-melamina-canteado-como-fabricamos-los-cantos\/#primaryimage\",\"url\":\"https:\/\/protecnic.es\/wp-content\/uploads\/2022\/07\/IMG_2103-scaled-1-1-2-1.jpg\",\"contentUrl\":\"https:\/\/protecnic.es\/wp-content\/uploads\/2022\/07\/IMG_2103-scaled-1-1-2-1.jpg\",\"width\":2560,\"height\":1707,\"caption\":\"An\u00e1lisis dise\u00f1o de cantos para tableros de melamina\"},{\"@type\":\"BreadcrumbList\",\"@id\":\"https:\/\/protecnic.es\/tablero-de-melamina-canteado-como-fabricamos-los-cantos\/#breadcrumb\",\"itemListElement\":[{\"@type\":\"ListItem\",\"position\":1,\"name\":\"Home\",\"item\":\"https:\/\/protecnic.es\/\"},{\"@type\":\"ListItem\",\"position\":2,\"name\":\"Tablero de melamina canteado. \u00bfC\u00f3mo fabricamos los cantos?\"}]},{\"@type\":\"WebSite\",\"@id\":\"https:\/\/protecnic.es\/#website\",\"url\":\"https:\/\/protecnic.es\/\",\"name\":\"Protecnic\",\"description\":\"Protecnic\",\"potentialAction\":[{\"@type\":\"SearchAction\",\"target\":{\"@type\":\"EntryPoint\",\"urlTemplate\":\"https:\/\/protecnic.es\/?s={search_term_string}\"},\"query-input\":{\"@type\":\"PropertyValueSpecification\",\"valueRequired\":true,\"valueName\":\"search_term_string\"}}],\"inLanguage\":\"en-GB\"},{\"@type\":\"Person\",\"@id\":\"https:\/\/protecnic.es\/#\/schema\/person\/5a59c7e91b4ec8214955e81ef9c7e4c1\",\"name\":\"Mar\u00eda\",\"image\":{\"@type\":\"ImageObject\",\"inLanguage\":\"en-GB\",\"@id\":\"https:\/\/protecnic.es\/#\/schema\/person\/image\/\",\"url\":\"https:\/\/secure.gravatar.com\/avatar\/5bafba370dadef92a0bd3b90f68ea750?s=96&d=mm&r=g\",\"contentUrl\":\"https:\/\/secure.gravatar.com\/avatar\/5bafba370dadef92a0bd3b90f68ea750?s=96&d=mm&r=g\",\"caption\":\"Mar\u00eda\"},\"url\":\"https:\/\/protecnic.es\/en\/author\/maria\/\"}]}<\/script>\n<!-- \/ Yoast SEO plugin. -->","yoast_head_json":{"title":"Tablero de melamina canteado. \u00bfC\u00f3mo fabricamos los cantos? - Protecnic","description":"Cuando trabajas con tableros de melamina, los bordes quedan sin protecci\u00f3n, por lo que necesitas un tablero de melamina canteado.","robots":{"index":"index","follow":"follow","max-snippet":"max-snippet:-1","max-image-preview":"max-image-preview:large","max-video-preview":"max-video-preview:-1"},"canonical":"https:\/\/protecnic.es\/en\/tablero-de-melamina-canteado-como-fabricamos-los-cantos\/","og_locale":"en_GB","og_type":"article","og_title":"Tablero de melamina canteado. \u00bfC\u00f3mo fabricamos los cantos? - Protecnic","og_description":"Cuando trabajas con tableros de melamina, los bordes quedan sin protecci\u00f3n, por lo que necesitas un tablero de melamina canteado.","og_url":"https:\/\/protecnic.es\/en\/tablero-de-melamina-canteado-como-fabricamos-los-cantos\/","og_site_name":"Protecnic","article_publisher":"https:\/\/www.facebook.com\/grupo.protecnic","article_published_time":"2022-08-24T13:51:23+00:00","article_modified_time":"2022-10-04T09:30:43+00:00","og_image":[{"width":2560,"height":1707,"url":"https:\/\/protecnic.es\/wp-content\/uploads\/2022\/07\/IMG_2103-scaled-1-1-2-1.jpg","type":"image\/jpeg"}],"author":"Mar\u00eda","twitter_card":"summary_large_image","twitter_misc":{"Written by":"Mar\u00eda","Estimated reading time":"2 minutes"},"schema":{"@context":"https:\/\/schema.org","@graph":[{"@type":"WebPage","@id":"https:\/\/protecnic.es\/tablero-de-melamina-canteado-como-fabricamos-los-cantos\/","url":"https:\/\/protecnic.es\/tablero-de-melamina-canteado-como-fabricamos-los-cantos\/","name":"Tablero de melamina canteado. \u00bfC\u00f3mo fabricamos los cantos? - Protecnic","isPartOf":{"@id":"https:\/\/protecnic.es\/#website"},"primaryImageOfPage":{"@id":"https:\/\/protecnic.es\/tablero-de-melamina-canteado-como-fabricamos-los-cantos\/#primaryimage"},"image":{"@id":"https:\/\/protecnic.es\/tablero-de-melamina-canteado-como-fabricamos-los-cantos\/#primaryimage"},"thumbnailUrl":"https:\/\/protecnic.es\/wp-content\/uploads\/2022\/07\/IMG_2103-scaled-1-1-2-1.jpg","datePublished":"2022-08-24T13:51:23+00:00","dateModified":"2022-10-04T09:30:43+00:00","author":{"@id":"https:\/\/protecnic.es\/#\/schema\/person\/5a59c7e91b4ec8214955e81ef9c7e4c1"},"description":"Cuando trabajas con tableros de melamina, los bordes quedan sin protecci\u00f3n, por lo que necesitas un tablero de melamina canteado.","breadcrumb":{"@id":"https:\/\/protecnic.es\/tablero-de-melamina-canteado-como-fabricamos-los-cantos\/#breadcrumb"},"inLanguage":"en-GB","potentialAction":[{"@type":"ReadAction","target":["https:\/\/protecnic.es\/tablero-de-melamina-canteado-como-fabricamos-los-cantos\/"]}]},{"@type":"ImageObject","inLanguage":"en-GB","@id":"https:\/\/protecnic.es\/tablero-de-melamina-canteado-como-fabricamos-los-cantos\/#primaryimage","url":"https:\/\/protecnic.es\/wp-content\/uploads\/2022\/07\/IMG_2103-scaled-1-1-2-1.jpg","contentUrl":"https:\/\/protecnic.es\/wp-content\/uploads\/2022\/07\/IMG_2103-scaled-1-1-2-1.jpg","width":2560,"height":1707,"caption":"An\u00e1lisis dise\u00f1o de cantos para tableros de melamina"},{"@type":"BreadcrumbList","@id":"https:\/\/protecnic.es\/tablero-de-melamina-canteado-como-fabricamos-los-cantos\/#breadcrumb","itemListElement":[{"@type":"ListItem","position":1,"name":"Home","item":"https:\/\/protecnic.es\/"},{"@type":"ListItem","position":2,"name":"Tablero de melamina canteado. \u00bfC\u00f3mo fabricamos los cantos?"}]},{"@type":"WebSite","@id":"https:\/\/protecnic.es\/#website","url":"https:\/\/protecnic.es\/","name":"Protecnic","description":"Protecnic","potentialAction":[{"@type":"SearchAction","target":{"@type":"EntryPoint","urlTemplate":"https:\/\/protecnic.es\/?s={search_term_string}"},"query-input":{"@type":"PropertyValueSpecification","valueRequired":true,"valueName":"search_term_string"}}],"inLanguage":"en-GB"},{"@type":"Person","@id":"https:\/\/protecnic.es\/#\/schema\/person\/5a59c7e91b4ec8214955e81ef9c7e4c1","name":"Mar\u00eda","image":{"@type":"ImageObject","inLanguage":"en-GB","@id":"https:\/\/protecnic.es\/#\/schema\/person\/image\/","url":"https:\/\/secure.gravatar.com\/avatar\/5bafba370dadef92a0bd3b90f68ea750?s=96&d=mm&r=g","contentUrl":"https:\/\/secure.gravatar.com\/avatar\/5bafba370dadef92a0bd3b90f68ea750?s=96&d=mm&r=g","caption":"Mar\u00eda"},"url":"https:\/\/protecnic.es\/en\/author\/maria\/"}]}},"jetpack_featured_media_url":"https:\/\/protecnic.es\/wp-content\/uploads\/2022\/07\/IMG_2103-scaled-1-1-2-1.jpg","_links":{"self":[{"href":"https:\/\/protecnic.es\/en\/wp-json\/wp\/v2\/posts\/3487"}],"collection":[{"href":"https:\/\/protecnic.es\/en\/wp-json\/wp\/v2\/posts"}],"about":[{"href":"https:\/\/protecnic.es\/en\/wp-json\/wp\/v2\/types\/post"}],"author":[{"embeddable":true,"href":"https:\/\/protecnic.es\/en\/wp-json\/wp\/v2\/users\/2"}],"replies":[{"embeddable":true,"href":"https:\/\/protecnic.es\/en\/wp-json\/wp\/v2\/comments?post=3487"}],"version-history":[{"count":5,"href":"https:\/\/protecnic.es\/en\/wp-json\/wp\/v2\/posts\/3487\/revisions"}],"predecessor-version":[{"id":3646,"href":"https:\/\/protecnic.es\/en\/wp-json\/wp\/v2\/posts\/3487\/revisions\/3646"}],"wp:featuredmedia":[{"embeddable":true,"href":"https:\/\/protecnic.es\/en\/wp-json\/wp\/v2\/media\/2992"}],"wp:attachment":[{"href":"https:\/\/protecnic.es\/en\/wp-json\/wp\/v2\/media?parent=3487"}],"wp:term":[{"taxonomy":"category","embeddable":true,"href":"https:\/\/protecnic.es\/en\/wp-json\/wp\/v2\/categories?post=3487"},{"taxonomy":"post_tag","embeddable":true,"href":"https:\/\/protecnic.es\/en\/wp-json\/wp\/v2\/tags?post=3487"}],"curies":[{"name":"wp","href":"https:\/\/api.w.org\/{rel}","templated":true}]}}