{"id":3707,"date":"2022-11-14T12:52:54","date_gmt":"2022-11-14T11:52:54","guid":{"rendered":"https:\/\/protecnic.es\/?p=3707"},"modified":"2022-11-25T09:34:08","modified_gmt":"2022-11-25T08:34:08","slug":"contratipamos-la-coleccion-express-de-kronospan-para-mdf-y-melamina","status":"publish","type":"post","link":"https:\/\/protecnic.es\/en\/we-contrast-the-kronospan-express-collection-for-mdf-and-melamine\/","title":{"rendered":"We contrast the Kronospan express collection for MDF and melamine"},"content":{"rendered":"<div data-elementor-type=\"wp-post\" data-elementor-id=\"3707\" class=\"elementor elementor-3707\" data-elementor-post-type=\"post\">\n\t\t\t\t\t\t<section class=\"elementor-section elementor-top-section elementor-element elementor-element-411b551 elementor-section-boxed elementor-section-height-default elementor-section-height-default\" data-id=\"411b551\" data-element_type=\"section\">\n\t\t\t\t\t\t<div class=\"elementor-container elementor-column-gap-default\">\n\t\t\t\t\t<div class=\"elementor-column elementor-col-50 elementor-top-column elementor-element elementor-element-71877444\" data-id=\"71877444\" data-element_type=\"column\">\n\t\t\t<div class=\"elementor-widget-wrap elementor-element-populated\">\n\t\t\t\t\t\t<div class=\"elementor-element elementor-element-74b434b0 elementor-widget elementor-widget-text-editor\" data-id=\"74b434b0\" data-element_type=\"widget\" data-widget_type=\"text-editor.default\">\n\t\t\t\t<div class=\"elementor-widget-container\">\n\t\t\t\t\t\t\t<p>At Protecnic we like to work with foresight and anticipate the plastic extrusion solutions that we know our customers in the furniture industry will need at a certain time. To do this, we work closely with panel manufacturers to advance the edging options to fit their new mdf and melamine panel models.<\/p><p>Faithful to our philosophy of innovation and search for trends, we have collaborated with Kronospan to contrast all the options of its express collection of boards, which includes designs in MDF and melamine-coated chipboard. This collection includes the creations of recent years but from a new perspective: it is about boards for immediate delivery, to meet the urgent needs of its customers.<\/p>\t\t\t\t\t\t<\/div>\n\t\t\t\t<\/div>\n\t\t\t\t\t<\/div>\n\t\t<\/div>\n\t\t\t\t<div class=\"elementor-column elementor-col-50 elementor-top-column elementor-element elementor-element-82be00c\" data-id=\"82be00c\" data-element_type=\"column\">\n\t\t\t<div class=\"elementor-widget-wrap elementor-element-populated\">\n\t\t\t\t\t\t<div class=\"elementor-element elementor-element-27bc8b0 elementor-widget elementor-widget-spacer\" data-id=\"27bc8b0\" data-element_type=\"widget\" data-widget_type=\"spacer.default\">\n\t\t\t\t<div class=\"elementor-widget-container\">\n\t\t\t\t\t<div class=\"elementor-spacer\">\n\t\t\t<div class=\"elementor-spacer-inner\"><\/div>\n\t\t<\/div>\n\t\t\t\t<\/div>\n\t\t\t\t<\/div>\n\t\t\t\t<div class=\"elementor-element elementor-element-7607187c elementor-widget elementor-widget-image\" data-id=\"7607187c\" data-element_type=\"widget\" data-widget_type=\"image.default\">\n\t\t\t\t<div class=\"elementor-widget-container\">\n\t\t\t\t\t\t\t\t\t\t\t\t\t<img fetchpriority=\"high\" decoding=\"async\" width=\"800\" height=\"431\" src=\"https:\/\/protecnic.es\/wp-content\/uploads\/2022\/11\/KRONOSPAN-EXPRESS-50-1024x552.jpg\" class=\"attachment-large size-large wp-image-3733\" alt=\"colecci\u00f3n kronospan express para mdf y melamina\" srcset=\"https:\/\/protecnic.es\/wp-content\/uploads\/2022\/11\/KRONOSPAN-EXPRESS-50-1024x552.jpg 1024w, https:\/\/protecnic.es\/wp-content\/uploads\/2022\/11\/KRONOSPAN-EXPRESS-50-300x162.jpg 300w, https:\/\/protecnic.es\/wp-content\/uploads\/2022\/11\/KRONOSPAN-EXPRESS-50-768x414.jpg 768w, https:\/\/protecnic.es\/wp-content\/uploads\/2022\/11\/KRONOSPAN-EXPRESS-50-18x10.jpg 18w, https:\/\/protecnic.es\/wp-content\/uploads\/2022\/11\/KRONOSPAN-EXPRESS-50.jpg 1110w\" sizes=\"(max-width: 800px) 100vw, 800px\" \/>\t\t\t\t\t\t\t\t\t\t\t\t\t<\/div>\n\t\t\t\t<\/div>\n\t\t\t\t\t<\/div>\n\t\t<\/div>\n\t\t\t\t\t<\/div>\n\t\t<\/section>\n\t\t\t\t<section class=\"elementor-section elementor-top-section elementor-element elementor-element-40f46ca9 elementor-section-boxed elementor-section-height-default elementor-section-height-default\" data-id=\"40f46ca9\" data-element_type=\"section\">\n\t\t\t\t\t\t<div class=\"elementor-container elementor-column-gap-default\">\n\t\t\t\t\t<div class=\"elementor-column elementor-col-100 elementor-top-column elementor-element elementor-element-1149d5da\" data-id=\"1149d5da\" data-element_type=\"column\">\n\t\t\t<div class=\"elementor-widget-wrap elementor-element-populated\">\n\t\t\t\t\t\t<div class=\"elementor-element elementor-element-16fa3fc9 elementor-widget elementor-widget-text-editor\" data-id=\"16fa3fc9\" data-element_type=\"widget\" data-widget_type=\"text-editor.default\">\n\t\t\t\t<div class=\"elementor-widget-container\">\n\t\t\t\t\t\t\t<p>At Protecnic we share these values \u200b\u200bof agility and speed and apply them in the manufacture and delivery of our plastic extrusion solutions for MDF and melamine boards. For this reason, we have completed the necessary technical processes to have PVC ABS edging designs that fit to the millimeter with the options of the Kronospan Express collection.<\/p><p>Thus, once our clients accept the proposed design, we offer a very fast manufacturing service, so that both the boards and the edging are ready in the shortest possible time.<\/p><p>The selection of finishes for the express collection has been made by Kronospan, following a contemporary but also timeless style, outside of more or less consolidated trends. In line with the novelties that arise in the market, the brand has its Trends collection, which continually adapts to trends in the furniture sector.<\/p>\t\t\t\t\t\t<\/div>\n\t\t\t\t<\/div>\n\t\t\t\t<div class=\"elementor-element elementor-element-8605a92 elementor-widget elementor-widget-image\" data-id=\"8605a92\" data-element_type=\"widget\" data-widget_type=\"image.default\">\n\t\t\t\t<div class=\"elementor-widget-container\">\n\t\t\t\t\t\t\t\t\t\t\t\t\t<img decoding=\"async\" width=\"800\" height=\"222\" src=\"https:\/\/protecnic.es\/wp-content\/uploads\/2022\/11\/TIPOGRAFIA-KRONOSPAN.png\" class=\"attachment-large size-large wp-image-3728\" alt=\"\" srcset=\"https:\/\/protecnic.es\/wp-content\/uploads\/2022\/11\/TIPOGRAFIA-KRONOSPAN.png 826w, https:\/\/protecnic.es\/wp-content\/uploads\/2022\/11\/TIPOGRAFIA-KRONOSPAN-300x83.png 300w, https:\/\/protecnic.es\/wp-content\/uploads\/2022\/11\/TIPOGRAFIA-KRONOSPAN-768x213.png 768w, https:\/\/protecnic.es\/wp-content\/uploads\/2022\/11\/TIPOGRAFIA-KRONOSPAN-18x5.png 18w\" sizes=\"(max-width: 800px) 100vw, 800px\" \/>\t\t\t\t\t\t\t\t\t\t\t\t\t<\/div>\n\t\t\t\t<\/div>\n\t\t\t\t\t<\/div>\n\t\t<\/div>\n\t\t\t\t\t<\/div>\n\t\t<\/section>\n\t\t\t\t<section class=\"elementor-section elementor-top-section elementor-element elementor-element-42ab6bd5 elementor-section-boxed elementor-section-height-default elementor-section-height-default\" data-id=\"42ab6bd5\" data-element_type=\"section\">\n\t\t\t\t\t\t<div class=\"elementor-container elementor-column-gap-default\">\n\t\t\t\t\t<div class=\"elementor-column elementor-col-100 elementor-top-column elementor-element elementor-element-50e50c1c\" data-id=\"50e50c1c\" data-element_type=\"column\">\n\t\t\t<div class=\"elementor-widget-wrap elementor-element-populated\">\n\t\t\t\t\t\t<div class=\"elementor-element elementor-element-5c0d777f elementor-widget elementor-widget-text-editor\" data-id=\"5c0d777f\" data-element_type=\"widget\" data-widget_type=\"text-editor.default\">\n\t\t\t\t<div class=\"elementor-widget-container\">\n\t\t\t\t\t\t\t<p>Furniture manufacturers require professional suppliers who know their needs and provide the ideal solutions to the challenges that arise on a daily basis.<\/p>\n<p>At Protecnic we know that teamwork is the best way to obtain the best results. Both within our company and when we cooperate with others. At Protecnic we are in permanent dialogue with panel manufacturers, since our plastic extrusion solutions and these MDF and melamine panels must join forces in the final piece, generating a continuous and homogeneous visual image, offering a product that is resistant to wear and tear weather.<\/p>\n<p>You can consult our Kronospan designs in our&nbsp;<a href=\"https:\/\/protecnic.es\/en\/tabla-de-equivalencias\/\" target=\"_blank\" style=\"font-size: 1.1em; background-color: rgb(255, 255, 255);\">cross-reference chart.<\/a><\/p>\t\t\t\t\t\t<\/div>\n\t\t\t\t<\/div>\n\t\t\t\t\t<\/div>\n\t\t<\/div>\n\t\t\t\t\t<\/div>\n\t\t<\/section>\n\t\t\t\t<\/div>\n\t\t  <div class=\"related-post grid\">\r\n      <div class=\"post-list\">\r\n\r\n            <div class=\"item\">\r\n            <div class=\"thumb post_thumb\">\r\n    <a  title=\"PROTECNIC, OBTIENE LA AYUDA DEL PROGRAMA PARA LA MEJORA DE LA COMPETITIVIDAD Y LA SOSTENIBILIDAD\" href=\"https:\/\/protecnic.es\/en\/protecnic-obtiene-la-ayuda-del-programa-para-la-mejora-de-la-competitividad-y-la-sostenibilidad\/?related_post_from=250\">\r\n\r\n      <img decoding=\"async\" width=\"435\" height=\"240\" src=\"https:\/\/protecnic.es\/wp-content\/uploads\/2020\/11\/NOTICIA-AYUDA-2.jpg\" class=\"attachment-full size-full wp-post-image\" alt=\"\" srcset=\"https:\/\/protecnic.es\/wp-content\/uploads\/2020\/11\/NOTICIA-AYUDA-2.jpg 435w, https:\/\/protecnic.es\/wp-content\/uploads\/2020\/11\/NOTICIA-AYUDA-2-300x166.jpg 300w, https:\/\/protecnic.es\/wp-content\/uploads\/2020\/11\/NOTICIA-AYUDA-2-16x9.jpg 16w\" sizes=\"(max-width: 435px) 100vw, 435px\" \/>\r\n\r\n    <\/a>\r\n  <\/div>\r\n\r\n  <a class=\"title post_title\"  title=\"PROTECNIC, OBTIENE LA AYUDA DEL PROGRAMA PARA LA MEJORA DE LA COMPETITIVIDAD Y LA SOSTENIBILIDAD\" href=\"https:\/\/protecnic.es\/en\/protecnic-obtiene-la-ayuda-del-programa-para-la-mejora-de-la-competitividad-y-la-sostenibilidad\/?related_post_from=250\">\r\n        PROTECNIC, OBTIENE LA AYUDA DEL PROGRAMA PARA LA MEJORA DE LA COMPETITIVIDAD Y LA SOSTENIBILIDAD  <\/a>\r\n\r\n        <\/div>\r\n              <div class=\"item\">\r\n            <div class=\"thumb post_thumb\">\r\n    <a  title=\"PRESENTAMOS NUESTRO CAMBIO DE IMAGEN\" href=\"https:\/\/protecnic.es\/en\/presentamos-nuestro-cambio-de-imagen\/?related_post_from=648\">\r\n\r\n      <img loading=\"lazy\" decoding=\"async\" width=\"2560\" height=\"1440\" src=\"https:\/\/protecnic.es\/wp-content\/uploads\/2021\/01\/LOGOS-PROTECNIC_LOGO-PROTECNIC-TAGLINE-scaled.jpg\" class=\"attachment-full size-full wp-post-image\" alt=\"logo protecnic\" srcset=\"https:\/\/protecnic.es\/wp-content\/uploads\/2021\/01\/LOGOS-PROTECNIC_LOGO-PROTECNIC-TAGLINE-scaled.jpg 2560w, https:\/\/protecnic.es\/wp-content\/uploads\/2021\/01\/LOGOS-PROTECNIC_LOGO-PROTECNIC-TAGLINE-300x169.jpg 300w, https:\/\/protecnic.es\/wp-content\/uploads\/2021\/01\/LOGOS-PROTECNIC_LOGO-PROTECNIC-TAGLINE-1024x576.jpg 1024w, https:\/\/protecnic.es\/wp-content\/uploads\/2021\/01\/LOGOS-PROTECNIC_LOGO-PROTECNIC-TAGLINE-768x432.jpg 768w, https:\/\/protecnic.es\/wp-content\/uploads\/2021\/01\/LOGOS-PROTECNIC_LOGO-PROTECNIC-TAGLINE-1536x864.jpg 1536w, https:\/\/protecnic.es\/wp-content\/uploads\/2021\/01\/LOGOS-PROTECNIC_LOGO-PROTECNIC-TAGLINE-2048x1152.jpg 2048w, https:\/\/protecnic.es\/wp-content\/uploads\/2021\/01\/LOGOS-PROTECNIC_LOGO-PROTECNIC-TAGLINE-18x10.jpg 18w\" sizes=\"(max-width: 2560px) 100vw, 2560px\" \/>\r\n\r\n    <\/a>\r\n  <\/div>\r\n\r\n  <a class=\"title post_title\"  title=\"PRESENTAMOS NUESTRO CAMBIO DE IMAGEN\" href=\"https:\/\/protecnic.es\/en\/presentamos-nuestro-cambio-de-imagen\/?related_post_from=648\">\r\n        PRESENTAMOS NUESTRO CAMBIO DE IMAGEN  <\/a>\r\n\r\n        <\/div>\r\n              <div class=\"item\">\r\n            <div class=\"thumb post_thumb\">\r\n    <a  title=\"Closer to our customers\" href=\"https:\/\/protecnic.es\/en\/closer-to-our-customers\/?related_post_from=653\">\r\n\r\n      <img loading=\"lazy\" decoding=\"async\" width=\"2560\" height=\"1707\" src=\"https:\/\/protecnic.es\/wp-content\/uploads\/2021\/02\/noticia-5-1-scaled.jpg\" class=\"attachment-full size-full wp-post-image\" alt=\"sala de reuniones videoconferencias\" srcset=\"https:\/\/protecnic.es\/wp-content\/uploads\/2021\/02\/noticia-5-1-scaled.jpg 2560w, https:\/\/protecnic.es\/wp-content\/uploads\/2021\/02\/noticia-5-1-300x200.jpg 300w, https:\/\/protecnic.es\/wp-content\/uploads\/2021\/02\/noticia-5-1-1024x683.jpg 1024w, https:\/\/protecnic.es\/wp-content\/uploads\/2021\/02\/noticia-5-1-768x512.jpg 768w, https:\/\/protecnic.es\/wp-content\/uploads\/2021\/02\/noticia-5-1-1536x1024.jpg 1536w, https:\/\/protecnic.es\/wp-content\/uploads\/2021\/02\/noticia-5-1-2048x1365.jpg 2048w, https:\/\/protecnic.es\/wp-content\/uploads\/2021\/02\/noticia-5-1-16x12.jpg 16w\" sizes=\"(max-width: 2560px) 100vw, 2560px\" \/>\r\n\r\n    <\/a>\r\n  <\/div>\r\n\r\n  <a class=\"title post_title\"  title=\"Closer to our customers\" href=\"https:\/\/protecnic.es\/en\/closer-to-our-customers\/?related_post_from=653\">\r\n        Closer to our customers  <\/a>\r\n\r\n        <\/div>\r\n      \r\n  <\/div>\r\n\r\n  <script>\r\n      <\/script>\r\n  <style>\r\n    .related-post {}\r\n\r\n    .related-post .post-list {\r\n      text-align: center;\r\n          }\r\n\r\n    .related-post .post-list .item {\r\n      margin: 10px;\r\n      padding: 25px;\r\n          }\r\n\r\n    .related-post .headline {\r\n      font-size: 18px !important;\r\n      color: #999999 !important;\r\n          }\r\n\r\n    .related-post .post-list .item .post_thumb {\r\n      max-height: 300px;\r\n      margin: 10px 0px;\r\n      padding: 0px;\r\n      display: block;\r\n          }\r\n\r\n    .related-post .post-list .item .post_title {\r\n      font-size: 16px;\r\n      color: #a83d72;\r\n      margin: 10px 0px;\r\n      padding: 0px;\r\n      line-height: bold;\r\n      display: block;\r\n      text-decoration: none;\r\n      font-weight: bold;    }\r\n\r\n    .related-post .post-list .item .post_excerpt {\r\n      font-size: 13px;\r\n      color: #3f3f3f;\r\n      margin: 10px 0px;\r\n      padding: 0px;\r\n      display: block;\r\n      text-decoration: none;\r\n          }\r\n\r\n    @media only screen and (min-width: 1024px) {\r\n      .related-post .post-list .item {\r\n        width: 20%;\r\n      }\r\n    }\r\n\r\n    @media only screen and (min-width: 768px) and (max-width: 1023px) {\r\n      .related-post .post-list .item {\r\n        width: 90%;\r\n      }\r\n    }\r\n\r\n    @media only screen and (min-width: 0px) and (max-width: 767px) {\r\n      .related-post .post-list .item {\r\n        width: 90%;\r\n      }\r\n    }\r\n\r\n      <\/style>\r\n    <\/div>","protected":false},"excerpt":{"rendered":"<p>En Protecnic nos gusta trabajar con previsi\u00f3n y adelantarnos a las soluciones de extrusi\u00f3n de pl\u00e1stico que sabemos que necesitar\u00e1n en un momento determinado nuestros clientes de la industria del mueble. Para ello, trabajamos estrechamente con los fabricantes de tableros para avanzar las opciones de canteado en encajen con sus nuevos modelos de tableros de [&hellip;]<\/p>\n  <div class=\"related-post grid\">\r\n      <div class=\"post-list\">\r\n\r\n            <div class=\"item\">\r\n            <div class=\"thumb post_thumb\">\r\n    <a  title=\"PROTECNIC, OBTIENE LA AYUDA DEL PROGRAMA PARA LA MEJORA DE LA COMPETITIVIDAD Y LA SOSTENIBILIDAD\" href=\"https:\/\/protecnic.es\/en\/protecnic-obtiene-la-ayuda-del-programa-para-la-mejora-de-la-competitividad-y-la-sostenibilidad\/?related_post_from=250\">\r\n\r\n      <img loading=\"lazy\" width=\"435\" height=\"240\" src=\"https:\/\/protecnic.es\/wp-content\/uploads\/2020\/11\/NOTICIA-AYUDA-2.jpg\" class=\"attachment-full size-full wp-post-image\" alt=\"\" decoding=\"async\" srcset=\"https:\/\/protecnic.es\/wp-content\/uploads\/2020\/11\/NOTICIA-AYUDA-2.jpg 435w, https:\/\/protecnic.es\/wp-content\/uploads\/2020\/11\/NOTICIA-AYUDA-2-300x166.jpg 300w, https:\/\/protecnic.es\/wp-content\/uploads\/2020\/11\/NOTICIA-AYUDA-2-16x9.jpg 16w\" sizes=\"(max-width: 435px) 100vw, 435px\" \/>\r\n\r\n    <\/a>\r\n  <\/div>\r\n\r\n  <a class=\"title post_title\"  title=\"PROTECNIC, OBTIENE LA AYUDA DEL PROGRAMA PARA LA MEJORA DE LA COMPETITIVIDAD Y LA SOSTENIBILIDAD\" href=\"https:\/\/protecnic.es\/en\/protecnic-obtiene-la-ayuda-del-programa-para-la-mejora-de-la-competitividad-y-la-sostenibilidad\/?related_post_from=250\">\r\n        PROTECNIC, OBTIENE LA AYUDA DEL PROGRAMA PARA LA MEJORA DE LA COMPETITIVIDAD Y LA SOSTENIBILIDAD  <\/a>\r\n\r\n        <\/div>\r\n              <div class=\"item\">\r\n            <div class=\"thumb post_thumb\">\r\n    <a  title=\"PRESENTAMOS NUESTRO CAMBIO DE IMAGEN\" href=\"https:\/\/protecnic.es\/en\/presentamos-nuestro-cambio-de-imagen\/?related_post_from=648\">\r\n\r\n      <img loading=\"lazy\" width=\"2560\" height=\"1440\" src=\"https:\/\/protecnic.es\/wp-content\/uploads\/2021\/01\/LOGOS-PROTECNIC_LOGO-PROTECNIC-TAGLINE-scaled.jpg\" class=\"attachment-full size-full wp-post-image\" alt=\"logo protecnic\" decoding=\"async\" srcset=\"https:\/\/protecnic.es\/wp-content\/uploads\/2021\/01\/LOGOS-PROTECNIC_LOGO-PROTECNIC-TAGLINE-scaled.jpg 2560w, https:\/\/protecnic.es\/wp-content\/uploads\/2021\/01\/LOGOS-PROTECNIC_LOGO-PROTECNIC-TAGLINE-300x169.jpg 300w, https:\/\/protecnic.es\/wp-content\/uploads\/2021\/01\/LOGOS-PROTECNIC_LOGO-PROTECNIC-TAGLINE-1024x576.jpg 1024w, https:\/\/protecnic.es\/wp-content\/uploads\/2021\/01\/LOGOS-PROTECNIC_LOGO-PROTECNIC-TAGLINE-768x432.jpg 768w, https:\/\/protecnic.es\/wp-content\/uploads\/2021\/01\/LOGOS-PROTECNIC_LOGO-PROTECNIC-TAGLINE-1536x864.jpg 1536w, https:\/\/protecnic.es\/wp-content\/uploads\/2021\/01\/LOGOS-PROTECNIC_LOGO-PROTECNIC-TAGLINE-2048x1152.jpg 2048w, https:\/\/protecnic.es\/wp-content\/uploads\/2021\/01\/LOGOS-PROTECNIC_LOGO-PROTECNIC-TAGLINE-18x10.jpg 18w\" sizes=\"(max-width: 2560px) 100vw, 2560px\" \/>\r\n\r\n    <\/a>\r\n  <\/div>\r\n\r\n  <a class=\"title post_title\"  title=\"PRESENTAMOS NUESTRO CAMBIO DE IMAGEN\" href=\"https:\/\/protecnic.es\/en\/presentamos-nuestro-cambio-de-imagen\/?related_post_from=648\">\r\n        PRESENTAMOS NUESTRO CAMBIO DE IMAGEN  <\/a>\r\n\r\n        <\/div>\r\n              <div class=\"item\">\r\n            <div class=\"thumb post_thumb\">\r\n    <a  title=\"2021, EL A\u00d1O DE LAS INNOVACIONES PARA PROTECNIC\" href=\"https:\/\/protecnic.es\/en\/2021-el-ano-de-las-innovaciones-para-protecnic\/?related_post_from=651\">\r\n\r\n      <img loading=\"lazy\" width=\"1200\" height=\"675\" src=\"https:\/\/protecnic.es\/wp-content\/uploads\/2021\/01\/GIF-LOGO-25-ANOS.gif\" class=\"attachment-full size-full wp-post-image\" alt=\"\" decoding=\"async\" \/>\r\n\r\n    <\/a>\r\n  <\/div>\r\n\r\n  <a class=\"title post_title\"  title=\"2021, EL A\u00d1O DE LAS INNOVACIONES PARA PROTECNIC\" href=\"https:\/\/protecnic.es\/en\/2021-el-ano-de-las-innovaciones-para-protecnic\/?related_post_from=651\">\r\n        2021, EL A\u00d1O DE LAS INNOVACIONES PARA PROTECNIC  <\/a>\r\n\r\n        <\/div>\r\n      \r\n  <\/div>\r\n\r\n  <script>\r\n      <\/script>\r\n  <style>\r\n    .related-post {}\r\n\r\n    .related-post .post-list {\r\n      text-align: center;\r\n          }\r\n\r\n    .related-post .post-list .item {\r\n      margin: 10px;\r\n      padding: 25px;\r\n          }\r\n\r\n    .related-post .headline {\r\n      font-size: 18px !important;\r\n      color: #999999 !important;\r\n          }\r\n\r\n    .related-post .post-list .item .post_thumb {\r\n      max-height: 300px;\r\n      margin: 10px 0px;\r\n      padding: 0px;\r\n      display: block;\r\n          }\r\n\r\n    .related-post .post-list .item .post_title {\r\n      font-size: 16px;\r\n      color: #a83d72;\r\n      margin: 10px 0px;\r\n      padding: 0px;\r\n      line-height: bold;\r\n      display: block;\r\n      text-decoration: none;\r\n      font-weight: bold;    }\r\n\r\n    .related-post .post-list .item .post_excerpt {\r\n      font-size: 13px;\r\n      color: #3f3f3f;\r\n      margin: 10px 0px;\r\n      padding: 0px;\r\n      display: block;\r\n      text-decoration: none;\r\n          }\r\n\r\n    @media only screen and (min-width: 1024px) {\r\n      .related-post .post-list .item {\r\n        width: 20%;\r\n      }\r\n    }\r\n\r\n    @media only screen and (min-width: 768px) and (max-width: 1023px) {\r\n      .related-post .post-list .item {\r\n        width: 90%;\r\n      }\r\n    }\r\n\r\n    @media only screen and (min-width: 0px) and (max-width: 767px) {\r\n      .related-post .post-list .item {\r\n        width: 90%;\r\n      }\r\n    }\r\n\r\n      <\/style>\r\n    <\/div>","protected":false},"author":2,"featured_media":3733,"comment_status":"closed","ping_status":"open","sticky":false,"template":"","format":"standard","meta":{"footnotes":""},"categories":[10],"tags":[77],"class_list":["post-3707","post","type-post","status-publish","format-standard","has-post-thumbnail","hentry","category-noticias","tag-mdf-y-melamina"],"yoast_head":"<!-- This site is optimized with the Yoast SEO plugin v24.3 - https:\/\/yoast.com\/wordpress\/plugins\/seo\/ -->\n<title>Contratipamos la colecci\u00f3n express de Kronospan para MDF y melamina<\/title>\n<meta name=\"description\" content=\"Ya tenemos disponible toda la colecci\u00f3n contratipada de Kronospan Express, una selecci\u00f3n de dise\u00f1os con stock para sus MDF y melamina.\" \/>\n<meta name=\"robots\" content=\"index, follow, max-snippet:-1, max-image-preview:large, max-video-preview:-1\" \/>\n<link rel=\"canonical\" href=\"https:\/\/protecnic.es\/en\/contratipamos-la-coleccion-express-de-kronospan-para-mdf-y-melamina\/\" \/>\n<meta property=\"og:locale\" content=\"en_GB\" \/>\n<meta property=\"og:type\" content=\"article\" \/>\n<meta property=\"og:title\" content=\"Contratipamos la colecci\u00f3n express de Kronospan para MDF y melamina\" \/>\n<meta property=\"og:description\" content=\"Ya tenemos disponible toda la colecci\u00f3n contratipada de Kronospan Express, una selecci\u00f3n de dise\u00f1os con stock para sus MDF y melamina.\" \/>\n<meta property=\"og:url\" content=\"https:\/\/protecnic.es\/en\/contratipamos-la-coleccion-express-de-kronospan-para-mdf-y-melamina\/\" \/>\n<meta property=\"og:site_name\" content=\"Protecnic\" \/>\n<meta property=\"article:publisher\" content=\"https:\/\/www.facebook.com\/grupo.protecnic\" \/>\n<meta property=\"article:published_time\" content=\"2022-11-14T11:52:54+00:00\" \/>\n<meta property=\"article:modified_time\" content=\"2022-11-25T08:34:08+00:00\" \/>\n<meta property=\"og:image\" content=\"https:\/\/protecnic.es\/wp-content\/uploads\/2022\/11\/KRONOSPAN-EXPRESS-50.jpg\" \/>\n\t<meta property=\"og:image:width\" content=\"1110\" \/>\n\t<meta property=\"og:image:height\" content=\"598\" \/>\n\t<meta property=\"og:image:type\" content=\"image\/jpeg\" \/>\n<meta name=\"author\" content=\"Mar\u00eda\" \/>\n<meta name=\"twitter:card\" content=\"summary_large_image\" \/>\n<meta name=\"twitter:label1\" content=\"Written by\" \/>\n\t<meta name=\"twitter:data1\" content=\"Mar\u00eda\" \/>\n\t<meta name=\"twitter:label2\" content=\"Estimated reading time\" \/>\n\t<meta name=\"twitter:data2\" content=\"3 minutes\" \/>\n<script type=\"application\/ld+json\" class=\"yoast-schema-graph\">{\"@context\":\"https:\/\/schema.org\",\"@graph\":[{\"@type\":\"WebPage\",\"@id\":\"https:\/\/protecnic.es\/contratipamos-la-coleccion-express-de-kronospan-para-mdf-y-melamina\/\",\"url\":\"https:\/\/protecnic.es\/contratipamos-la-coleccion-express-de-kronospan-para-mdf-y-melamina\/\",\"name\":\"Contratipamos la colecci\u00f3n express de Kronospan para MDF y melamina\",\"isPartOf\":{\"@id\":\"https:\/\/protecnic.es\/#website\"},\"primaryImageOfPage\":{\"@id\":\"https:\/\/protecnic.es\/contratipamos-la-coleccion-express-de-kronospan-para-mdf-y-melamina\/#primaryimage\"},\"image\":{\"@id\":\"https:\/\/protecnic.es\/contratipamos-la-coleccion-express-de-kronospan-para-mdf-y-melamina\/#primaryimage\"},\"thumbnailUrl\":\"https:\/\/protecnic.es\/wp-content\/uploads\/2022\/11\/KRONOSPAN-EXPRESS-50.jpg\",\"datePublished\":\"2022-11-14T11:52:54+00:00\",\"dateModified\":\"2022-11-25T08:34:08+00:00\",\"author\":{\"@id\":\"https:\/\/protecnic.es\/#\/schema\/person\/5a59c7e91b4ec8214955e81ef9c7e4c1\"},\"description\":\"Ya tenemos disponible toda la colecci\u00f3n contratipada de Kronospan Express, una selecci\u00f3n de dise\u00f1os con stock para sus MDF y melamina.\",\"breadcrumb\":{\"@id\":\"https:\/\/protecnic.es\/contratipamos-la-coleccion-express-de-kronospan-para-mdf-y-melamina\/#breadcrumb\"},\"inLanguage\":\"en-GB\",\"potentialAction\":[{\"@type\":\"ReadAction\",\"target\":[\"https:\/\/protecnic.es\/contratipamos-la-coleccion-express-de-kronospan-para-mdf-y-melamina\/\"]}]},{\"@type\":\"ImageObject\",\"inLanguage\":\"en-GB\",\"@id\":\"https:\/\/protecnic.es\/contratipamos-la-coleccion-express-de-kronospan-para-mdf-y-melamina\/#primaryimage\",\"url\":\"https:\/\/protecnic.es\/wp-content\/uploads\/2022\/11\/KRONOSPAN-EXPRESS-50.jpg\",\"contentUrl\":\"https:\/\/protecnic.es\/wp-content\/uploads\/2022\/11\/KRONOSPAN-EXPRESS-50.jpg\",\"width\":1110,\"height\":598,\"caption\":\"colecci\u00f3n kronospan express para mdf y melamina\"},{\"@type\":\"BreadcrumbList\",\"@id\":\"https:\/\/protecnic.es\/contratipamos-la-coleccion-express-de-kronospan-para-mdf-y-melamina\/#breadcrumb\",\"itemListElement\":[{\"@type\":\"ListItem\",\"position\":1,\"name\":\"Home\",\"item\":\"https:\/\/protecnic.es\/\"},{\"@type\":\"ListItem\",\"position\":2,\"name\":\"Contratipamos la colecci\u00f3n express de Kronospan para MDF y melamina\"}]},{\"@type\":\"WebSite\",\"@id\":\"https:\/\/protecnic.es\/#website\",\"url\":\"https:\/\/protecnic.es\/\",\"name\":\"Protecnic\",\"description\":\"Protecnic\",\"potentialAction\":[{\"@type\":\"SearchAction\",\"target\":{\"@type\":\"EntryPoint\",\"urlTemplate\":\"https:\/\/protecnic.es\/?s={search_term_string}\"},\"query-input\":{\"@type\":\"PropertyValueSpecification\",\"valueRequired\":true,\"valueName\":\"search_term_string\"}}],\"inLanguage\":\"en-GB\"},{\"@type\":\"Person\",\"@id\":\"https:\/\/protecnic.es\/#\/schema\/person\/5a59c7e91b4ec8214955e81ef9c7e4c1\",\"name\":\"Mar\u00eda\",\"image\":{\"@type\":\"ImageObject\",\"inLanguage\":\"en-GB\",\"@id\":\"https:\/\/protecnic.es\/#\/schema\/person\/image\/\",\"url\":\"https:\/\/secure.gravatar.com\/avatar\/5bafba370dadef92a0bd3b90f68ea750?s=96&d=mm&r=g\",\"contentUrl\":\"https:\/\/secure.gravatar.com\/avatar\/5bafba370dadef92a0bd3b90f68ea750?s=96&d=mm&r=g\",\"caption\":\"Mar\u00eda\"},\"url\":\"https:\/\/protecnic.es\/en\/author\/maria\/\"}]}<\/script>\n<!-- \/ Yoast SEO plugin. -->","yoast_head_json":{"title":"Contratipamos la colecci\u00f3n express de Kronospan para MDF y melamina","description":"Ya tenemos disponible toda la colecci\u00f3n contratipada de Kronospan Express, una selecci\u00f3n de dise\u00f1os con stock para sus MDF y melamina.","robots":{"index":"index","follow":"follow","max-snippet":"max-snippet:-1","max-image-preview":"max-image-preview:large","max-video-preview":"max-video-preview:-1"},"canonical":"https:\/\/protecnic.es\/en\/contratipamos-la-coleccion-express-de-kronospan-para-mdf-y-melamina\/","og_locale":"en_GB","og_type":"article","og_title":"Contratipamos la colecci\u00f3n express de Kronospan para MDF y melamina","og_description":"Ya tenemos disponible toda la colecci\u00f3n contratipada de Kronospan Express, una selecci\u00f3n de dise\u00f1os con stock para sus MDF y melamina.","og_url":"https:\/\/protecnic.es\/en\/contratipamos-la-coleccion-express-de-kronospan-para-mdf-y-melamina\/","og_site_name":"Protecnic","article_publisher":"https:\/\/www.facebook.com\/grupo.protecnic","article_published_time":"2022-11-14T11:52:54+00:00","article_modified_time":"2022-11-25T08:34:08+00:00","og_image":[{"width":1110,"height":598,"url":"https:\/\/protecnic.es\/wp-content\/uploads\/2022\/11\/KRONOSPAN-EXPRESS-50.jpg","type":"image\/jpeg"}],"author":"Mar\u00eda","twitter_card":"summary_large_image","twitter_misc":{"Written by":"Mar\u00eda","Estimated reading time":"3 minutes"},"schema":{"@context":"https:\/\/schema.org","@graph":[{"@type":"WebPage","@id":"https:\/\/protecnic.es\/contratipamos-la-coleccion-express-de-kronospan-para-mdf-y-melamina\/","url":"https:\/\/protecnic.es\/contratipamos-la-coleccion-express-de-kronospan-para-mdf-y-melamina\/","name":"Contratipamos la colecci\u00f3n express de Kronospan para MDF y melamina","isPartOf":{"@id":"https:\/\/protecnic.es\/#website"},"primaryImageOfPage":{"@id":"https:\/\/protecnic.es\/contratipamos-la-coleccion-express-de-kronospan-para-mdf-y-melamina\/#primaryimage"},"image":{"@id":"https:\/\/protecnic.es\/contratipamos-la-coleccion-express-de-kronospan-para-mdf-y-melamina\/#primaryimage"},"thumbnailUrl":"https:\/\/protecnic.es\/wp-content\/uploads\/2022\/11\/KRONOSPAN-EXPRESS-50.jpg","datePublished":"2022-11-14T11:52:54+00:00","dateModified":"2022-11-25T08:34:08+00:00","author":{"@id":"https:\/\/protecnic.es\/#\/schema\/person\/5a59c7e91b4ec8214955e81ef9c7e4c1"},"description":"Ya tenemos disponible toda la colecci\u00f3n contratipada de Kronospan Express, una selecci\u00f3n de dise\u00f1os con stock para sus MDF y melamina.","breadcrumb":{"@id":"https:\/\/protecnic.es\/contratipamos-la-coleccion-express-de-kronospan-para-mdf-y-melamina\/#breadcrumb"},"inLanguage":"en-GB","potentialAction":[{"@type":"ReadAction","target":["https:\/\/protecnic.es\/contratipamos-la-coleccion-express-de-kronospan-para-mdf-y-melamina\/"]}]},{"@type":"ImageObject","inLanguage":"en-GB","@id":"https:\/\/protecnic.es\/contratipamos-la-coleccion-express-de-kronospan-para-mdf-y-melamina\/#primaryimage","url":"https:\/\/protecnic.es\/wp-content\/uploads\/2022\/11\/KRONOSPAN-EXPRESS-50.jpg","contentUrl":"https:\/\/protecnic.es\/wp-content\/uploads\/2022\/11\/KRONOSPAN-EXPRESS-50.jpg","width":1110,"height":598,"caption":"colecci\u00f3n kronospan express para mdf y melamina"},{"@type":"BreadcrumbList","@id":"https:\/\/protecnic.es\/contratipamos-la-coleccion-express-de-kronospan-para-mdf-y-melamina\/#breadcrumb","itemListElement":[{"@type":"ListItem","position":1,"name":"Home","item":"https:\/\/protecnic.es\/"},{"@type":"ListItem","position":2,"name":"Contratipamos la colecci\u00f3n express de Kronospan para MDF y melamina"}]},{"@type":"WebSite","@id":"https:\/\/protecnic.es\/#website","url":"https:\/\/protecnic.es\/","name":"Protecnic","description":"Protecnic","potentialAction":[{"@type":"SearchAction","target":{"@type":"EntryPoint","urlTemplate":"https:\/\/protecnic.es\/?s={search_term_string}"},"query-input":{"@type":"PropertyValueSpecification","valueRequired":true,"valueName":"search_term_string"}}],"inLanguage":"en-GB"},{"@type":"Person","@id":"https:\/\/protecnic.es\/#\/schema\/person\/5a59c7e91b4ec8214955e81ef9c7e4c1","name":"Mar\u00eda","image":{"@type":"ImageObject","inLanguage":"en-GB","@id":"https:\/\/protecnic.es\/#\/schema\/person\/image\/","url":"https:\/\/secure.gravatar.com\/avatar\/5bafba370dadef92a0bd3b90f68ea750?s=96&d=mm&r=g","contentUrl":"https:\/\/secure.gravatar.com\/avatar\/5bafba370dadef92a0bd3b90f68ea750?s=96&d=mm&r=g","caption":"Mar\u00eda"},"url":"https:\/\/protecnic.es\/en\/author\/maria\/"}]}},"jetpack_featured_media_url":"https:\/\/protecnic.es\/wp-content\/uploads\/2022\/11\/KRONOSPAN-EXPRESS-50.jpg","_links":{"self":[{"href":"https:\/\/protecnic.es\/en\/wp-json\/wp\/v2\/posts\/3707"}],"collection":[{"href":"https:\/\/protecnic.es\/en\/wp-json\/wp\/v2\/posts"}],"about":[{"href":"https:\/\/protecnic.es\/en\/wp-json\/wp\/v2\/types\/post"}],"author":[{"embeddable":true,"href":"https:\/\/protecnic.es\/en\/wp-json\/wp\/v2\/users\/2"}],"replies":[{"embeddable":true,"href":"https:\/\/protecnic.es\/en\/wp-json\/wp\/v2\/comments?post=3707"}],"version-history":[{"count":5,"href":"https:\/\/protecnic.es\/en\/wp-json\/wp\/v2\/posts\/3707\/revisions"}],"predecessor-version":[{"id":3765,"href":"https:\/\/protecnic.es\/en\/wp-json\/wp\/v2\/posts\/3707\/revisions\/3765"}],"wp:featuredmedia":[{"embeddable":true,"href":"https:\/\/protecnic.es\/en\/wp-json\/wp\/v2\/media\/3733"}],"wp:attachment":[{"href":"https:\/\/protecnic.es\/en\/wp-json\/wp\/v2\/media?parent=3707"}],"wp:term":[{"taxonomy":"category","embeddable":true,"href":"https:\/\/protecnic.es\/en\/wp-json\/wp\/v2\/categories?post=3707"},{"taxonomy":"post_tag","embeddable":true,"href":"https:\/\/protecnic.es\/en\/wp-json\/wp\/v2\/tags?post=3707"}],"curies":[{"name":"wp","href":"https:\/\/api.w.org\/{rel}","templated":true}]}}