{"id":4571,"date":"2023-09-25T22:00:05","date_gmt":"2023-09-25T20:00:05","guid":{"rendered":"https:\/\/protecnic.es\/?p=4571"},"modified":"2023-10-19T11:21:27","modified_gmt":"2023-10-19T09:21:27","slug":"que-significa-diseno-para-la-fabricacion","status":"publish","type":"post","link":"https:\/\/protecnic.es\/en\/what-means-design-for-manufacturing\/","title":{"rendered":"What means design for manufacturing?"},"content":{"rendered":"<div data-elementor-type=\"wp-post\" data-elementor-id=\"4571\" class=\"elementor elementor-4571\" data-elementor-post-type=\"post\">\n\t\t\t\t\t\t<section class=\"elementor-section elementor-top-section elementor-element elementor-element-132aa532 elementor-section-boxed elementor-section-height-default elementor-section-height-default\" data-id=\"132aa532\" data-element_type=\"section\">\n\t\t\t\t\t\t<div class=\"elementor-container elementor-column-gap-default\">\n\t\t\t\t\t<div class=\"elementor-column elementor-col-50 elementor-top-column elementor-element elementor-element-1e81b413\" data-id=\"1e81b413\" data-element_type=\"column\">\n\t\t\t<div class=\"elementor-widget-wrap elementor-element-populated\">\n\t\t\t\t\t\t<div class=\"elementor-element elementor-element-13782ae9 elementor-widget elementor-widget-text-editor\" data-id=\"13782ae9\" data-element_type=\"widget\" data-widget_type=\"text-editor.default\">\n\t\t\t\t<div class=\"elementor-widget-container\">\n\t\t\t\t\t\t\t<p>An emerging design concept within the Design for Excellence framework is design for manufacturing, a collection of recent production and design process management techniques, which due to their amazing advantages, are now being used more and more in product design. Designers select one or more of the several DFX methods that are pertinent to their product design goals, and then, they can then guarantee a top-notch product design by putting the principles associated with each of those strategies into practice.<\/p><p>Un dise\u00f1o mejor a menor coste es el objetivo de la filosof\u00eda de dise\u00f1o de productos conocida como &#8220;dise\u00f1o para la fabricaci\u00f3n&#8221;, que optimiza la elecci\u00f3n de materiales y t\u00e9cnicas de fabricaci\u00f3n. Siguiendo estas recomendaciones, el producto final deber\u00eda ser m\u00e1s r\u00e1pido de producir y m\u00e1s f\u00e1cil de fabricar que el dise\u00f1o original. El dise\u00f1o para la fabricaci\u00f3n ayuda a analizar diversas \u00e1reas de los procesos de dise\u00f1o y fabricaci\u00f3n a la luz de numerosas y sabias directrices. Adem\u00e1s, ofrece nuevos enfoques y m\u00e9todos para modificar el dise\u00f1o del producto de forma ventajosa para todas las partes implicadas.<\/p>\t\t\t\t\t\t<\/div>\n\t\t\t\t<\/div>\n\t\t\t\t\t<\/div>\n\t\t<\/div>\n\t\t\t\t<div class=\"elementor-column elementor-col-50 elementor-top-column elementor-element elementor-element-70acbb99\" data-id=\"70acbb99\" data-element_type=\"column\">\n\t\t\t<div class=\"elementor-widget-wrap elementor-element-populated\">\n\t\t\t\t\t\t<div class=\"elementor-element elementor-element-b4bb33a elementor-widget elementor-widget-spacer\" data-id=\"b4bb33a\" data-element_type=\"widget\" data-widget_type=\"spacer.default\">\n\t\t\t\t<div class=\"elementor-widget-container\">\n\t\t\t\t\t<div class=\"elementor-spacer\">\n\t\t\t<div class=\"elementor-spacer-inner\"><\/div>\n\t\t<\/div>\n\t\t\t\t<\/div>\n\t\t\t\t<\/div>\n\t\t\t\t<div class=\"elementor-element elementor-element-3d929681 elementor-widget elementor-widget-image\" data-id=\"3d929681\" data-element_type=\"widget\" data-widget_type=\"image.default\">\n\t\t\t\t<div class=\"elementor-widget-container\">\n\t\t\t\t\t\t\t\t\t\t\t\t\t<img fetchpriority=\"high\" decoding=\"async\" width=\"800\" height=\"420\" src=\"https:\/\/protecnic.es\/wp-content\/uploads\/2023\/09\/PORTADA-DISENO-PARA-LA-FABRICACION-80-1024x537.jpg\" class=\"attachment-large size-large wp-image-4573\" alt=\"What means design for manufacturing?\" srcset=\"https:\/\/protecnic.es\/wp-content\/uploads\/2023\/09\/PORTADA-DISENO-PARA-LA-FABRICACION-80-1024x537.jpg 1024w, https:\/\/protecnic.es\/wp-content\/uploads\/2023\/09\/PORTADA-DISENO-PARA-LA-FABRICACION-80-300x157.jpg 300w, https:\/\/protecnic.es\/wp-content\/uploads\/2023\/09\/PORTADA-DISENO-PARA-LA-FABRICACION-80-768x402.jpg 768w, https:\/\/protecnic.es\/wp-content\/uploads\/2023\/09\/PORTADA-DISENO-PARA-LA-FABRICACION-80-18x9.jpg 18w, https:\/\/protecnic.es\/wp-content\/uploads\/2023\/09\/PORTADA-DISENO-PARA-LA-FABRICACION-80.jpg 1080w\" sizes=\"(max-width: 800px) 100vw, 800px\" \/>\t\t\t\t\t\t\t\t\t\t\t\t\t<\/div>\n\t\t\t\t<\/div>\n\t\t\t\t\t<\/div>\n\t\t<\/div>\n\t\t\t\t\t<\/div>\n\t\t<\/section>\n\t\t\t\t<section class=\"elementor-section elementor-top-section elementor-element elementor-element-5a3f5d94 elementor-section-boxed elementor-section-height-default elementor-section-height-default\" data-id=\"5a3f5d94\" data-element_type=\"section\">\n\t\t\t\t\t\t<div class=\"elementor-container elementor-column-gap-default\">\n\t\t\t\t\t<div class=\"elementor-column elementor-col-100 elementor-top-column elementor-element elementor-element-20cbc28f\" data-id=\"20cbc28f\" data-element_type=\"column\">\n\t\t\t<div class=\"elementor-widget-wrap elementor-element-populated\">\n\t\t\t\t\t\t<div class=\"elementor-element elementor-element-2e412678 elementor-widget elementor-widget-text-editor\" data-id=\"2e412678\" data-element_type=\"widget\" data-widget_type=\"text-editor.default\">\n\t\t\t\t<div class=\"elementor-widget-container\">\n\t\t\t\t\t\t\t<p>A simulation of such advanced production was previously only a pipe dream due to the scarcity of tools and manufacturing techniques. The situation has changed. Today, it is simpler to conduct in-depth simulations and even produce physical iterations for specific items thanks to modern digital manufacturing simulation tools and inexpensive quick manufacturing technologies, including additive manufacturing. At a fraction of the original cost, these tools make extensive DFM modelling and real-world testing possible. As a result, more and more firms are incorporating design for manufacturing into their operations to profit from its numerous advantages.<\/p><p>Design for manufacturing is so important in today's competitive marketplaces for a number of reasons, being some of them the ability to:<\/p><ul><li>Create accurate cost models that reflect the goals of the product.<\/li><li>Reduce manufacturing difficulties, so the product may be produced more quickly and cheaply.<\/li><li>Produce an effective design that allows for future design modifications without incurring significant expense.<\/li><li>Identify and remove any extraneous design aspects that increase costs.<\/li><li>Reduce supplier bids by altering the design in accordance with DFM principles.<\/li><\/ul>\t\t\t\t\t\t<\/div>\n\t\t\t\t<\/div>\n\t\t\t\t\t<\/div>\n\t\t<\/div>\n\t\t\t\t\t<\/div>\n\t\t<\/section>\n\t\t\t\t<\/div>\n\t\t  <div class=\"related-post grid\">\r\n      <div class=\"post-list\">\r\n\r\n            <div class=\"item\">\r\n            <div class=\"thumb post_thumb\">\r\n    <a  title=\"PROTECNIC, OBTIENE LA AYUDA DEL PROGRAMA PARA LA MEJORA DE LA COMPETITIVIDAD Y LA SOSTENIBILIDAD\" href=\"https:\/\/protecnic.es\/en\/protecnic-obtiene-la-ayuda-del-programa-para-la-mejora-de-la-competitividad-y-la-sostenibilidad\/?related_post_from=250\">\r\n\r\n      <img decoding=\"async\" width=\"435\" height=\"240\" src=\"https:\/\/protecnic.es\/wp-content\/uploads\/2020\/11\/NOTICIA-AYUDA-2.jpg\" class=\"attachment-full size-full wp-post-image\" alt=\"\" srcset=\"https:\/\/protecnic.es\/wp-content\/uploads\/2020\/11\/NOTICIA-AYUDA-2.jpg 435w, https:\/\/protecnic.es\/wp-content\/uploads\/2020\/11\/NOTICIA-AYUDA-2-300x166.jpg 300w, https:\/\/protecnic.es\/wp-content\/uploads\/2020\/11\/NOTICIA-AYUDA-2-16x9.jpg 16w\" sizes=\"(max-width: 435px) 100vw, 435px\" \/>\r\n\r\n    <\/a>\r\n  <\/div>\r\n\r\n  <a class=\"title post_title\"  title=\"PROTECNIC, OBTIENE LA AYUDA DEL PROGRAMA PARA LA MEJORA DE LA COMPETITIVIDAD Y LA SOSTENIBILIDAD\" href=\"https:\/\/protecnic.es\/en\/protecnic-obtiene-la-ayuda-del-programa-para-la-mejora-de-la-competitividad-y-la-sostenibilidad\/?related_post_from=250\">\r\n        PROTECNIC, OBTIENE LA AYUDA DEL PROGRAMA PARA LA MEJORA DE LA COMPETITIVIDAD Y LA SOSTENIBILIDAD  <\/a>\r\n\r\n        <\/div>\r\n              <div class=\"item\">\r\n            <div class=\"thumb post_thumb\">\r\n    <a  title=\"PRESENTAMOS NUESTRO CAMBIO DE IMAGEN\" href=\"https:\/\/protecnic.es\/en\/presentamos-nuestro-cambio-de-imagen\/?related_post_from=648\">\r\n\r\n      <img decoding=\"async\" width=\"2560\" height=\"1440\" src=\"https:\/\/protecnic.es\/wp-content\/uploads\/2021\/01\/LOGOS-PROTECNIC_LOGO-PROTECNIC-TAGLINE-scaled.jpg\" class=\"attachment-full size-full wp-post-image\" alt=\"logo protecnic\" srcset=\"https:\/\/protecnic.es\/wp-content\/uploads\/2021\/01\/LOGOS-PROTECNIC_LOGO-PROTECNIC-TAGLINE-scaled.jpg 2560w, https:\/\/protecnic.es\/wp-content\/uploads\/2021\/01\/LOGOS-PROTECNIC_LOGO-PROTECNIC-TAGLINE-300x169.jpg 300w, https:\/\/protecnic.es\/wp-content\/uploads\/2021\/01\/LOGOS-PROTECNIC_LOGO-PROTECNIC-TAGLINE-1024x576.jpg 1024w, https:\/\/protecnic.es\/wp-content\/uploads\/2021\/01\/LOGOS-PROTECNIC_LOGO-PROTECNIC-TAGLINE-768x432.jpg 768w, https:\/\/protecnic.es\/wp-content\/uploads\/2021\/01\/LOGOS-PROTECNIC_LOGO-PROTECNIC-TAGLINE-1536x864.jpg 1536w, https:\/\/protecnic.es\/wp-content\/uploads\/2021\/01\/LOGOS-PROTECNIC_LOGO-PROTECNIC-TAGLINE-2048x1152.jpg 2048w, https:\/\/protecnic.es\/wp-content\/uploads\/2021\/01\/LOGOS-PROTECNIC_LOGO-PROTECNIC-TAGLINE-18x10.jpg 18w\" sizes=\"(max-width: 2560px) 100vw, 2560px\" \/>\r\n\r\n    <\/a>\r\n  <\/div>\r\n\r\n  <a class=\"title post_title\"  title=\"PRESENTAMOS NUESTRO CAMBIO DE IMAGEN\" href=\"https:\/\/protecnic.es\/en\/presentamos-nuestro-cambio-de-imagen\/?related_post_from=648\">\r\n        PRESENTAMOS NUESTRO CAMBIO DE IMAGEN  <\/a>\r\n\r\n        <\/div>\r\n              <div class=\"item\">\r\n            <div class=\"thumb post_thumb\">\r\n    <a  title=\"Closer to our customers\" href=\"https:\/\/protecnic.es\/en\/closer-to-our-customers\/?related_post_from=653\">\r\n\r\n      <img loading=\"lazy\" decoding=\"async\" width=\"2560\" height=\"1707\" src=\"https:\/\/protecnic.es\/wp-content\/uploads\/2021\/02\/noticia-5-1-scaled.jpg\" class=\"attachment-full size-full wp-post-image\" alt=\"sala de reuniones videoconferencias\" srcset=\"https:\/\/protecnic.es\/wp-content\/uploads\/2021\/02\/noticia-5-1-scaled.jpg 2560w, https:\/\/protecnic.es\/wp-content\/uploads\/2021\/02\/noticia-5-1-300x200.jpg 300w, https:\/\/protecnic.es\/wp-content\/uploads\/2021\/02\/noticia-5-1-1024x683.jpg 1024w, https:\/\/protecnic.es\/wp-content\/uploads\/2021\/02\/noticia-5-1-768x512.jpg 768w, https:\/\/protecnic.es\/wp-content\/uploads\/2021\/02\/noticia-5-1-1536x1024.jpg 1536w, https:\/\/protecnic.es\/wp-content\/uploads\/2021\/02\/noticia-5-1-2048x1365.jpg 2048w, https:\/\/protecnic.es\/wp-content\/uploads\/2021\/02\/noticia-5-1-16x12.jpg 16w\" sizes=\"(max-width: 2560px) 100vw, 2560px\" \/>\r\n\r\n    <\/a>\r\n  <\/div>\r\n\r\n  <a class=\"title post_title\"  title=\"Closer to our customers\" href=\"https:\/\/protecnic.es\/en\/closer-to-our-customers\/?related_post_from=653\">\r\n        Closer to our customers  <\/a>\r\n\r\n        <\/div>\r\n      \r\n  <\/div>\r\n\r\n  <script>\r\n      <\/script>\r\n  <style>\r\n    .related-post {}\r\n\r\n    .related-post .post-list {\r\n      text-align: center;\r\n          }\r\n\r\n    .related-post .post-list .item {\r\n      margin: 10px;\r\n      padding: 25px;\r\n          }\r\n\r\n    .related-post .headline {\r\n      font-size: 18px !important;\r\n      color: #999999 !important;\r\n          }\r\n\r\n    .related-post .post-list .item .post_thumb {\r\n      max-height: 300px;\r\n      margin: 10px 0px;\r\n      padding: 0px;\r\n      display: block;\r\n          }\r\n\r\n    .related-post .post-list .item .post_title {\r\n      font-size: 16px;\r\n      color: #a83d72;\r\n      margin: 10px 0px;\r\n      padding: 0px;\r\n      line-height: bold;\r\n      display: block;\r\n      text-decoration: none;\r\n      font-weight: bold;    }\r\n\r\n    .related-post .post-list .item .post_excerpt {\r\n      font-size: 13px;\r\n      color: #3f3f3f;\r\n      margin: 10px 0px;\r\n      padding: 0px;\r\n      display: block;\r\n      text-decoration: none;\r\n          }\r\n\r\n    @media only screen and (min-width: 1024px) {\r\n      .related-post .post-list .item {\r\n        width: 20%;\r\n      }\r\n    }\r\n\r\n    @media only screen and (min-width: 768px) and (max-width: 1023px) {\r\n      .related-post .post-list .item {\r\n        width: 90%;\r\n      }\r\n    }\r\n\r\n    @media only screen and (min-width: 0px) and (max-width: 767px) {\r\n      .related-post .post-list .item {\r\n        width: 90%;\r\n      }\r\n    }\r\n\r\n      <\/style>\r\n    <\/div>","protected":false},"excerpt":{"rendered":"<p>Un concepto de emergente en el marco del dise\u00f1o para la excelencia, es el dise\u00f1o para la fabricaci\u00f3n, un conjunto de t\u00e9cnicas recientes de gesti\u00f3n de procesos de producci\u00f3n y dise\u00f1o que, debido a sus sorprendentes ventajas, se utilizan cada vez m\u00e1s a la hora de dise\u00f1ar productos. Los dise\u00f1adores seleccionan uno o varios de [&hellip;]<\/p>\n  <div class=\"related-post grid\">\r\n      <div class=\"post-list\">\r\n\r\n            <div class=\"item\">\r\n            <div class=\"thumb post_thumb\">\r\n    <a  title=\"PROTECNIC, OBTIENE LA AYUDA DEL PROGRAMA PARA LA MEJORA DE LA COMPETITIVIDAD Y LA SOSTENIBILIDAD\" href=\"https:\/\/protecnic.es\/en\/protecnic-obtiene-la-ayuda-del-programa-para-la-mejora-de-la-competitividad-y-la-sostenibilidad\/?related_post_from=250\">\r\n\r\n      <img loading=\"lazy\" width=\"435\" height=\"240\" src=\"https:\/\/protecnic.es\/wp-content\/uploads\/2020\/11\/NOTICIA-AYUDA-2.jpg\" class=\"attachment-full size-full wp-post-image\" alt=\"\" decoding=\"async\" srcset=\"https:\/\/protecnic.es\/wp-content\/uploads\/2020\/11\/NOTICIA-AYUDA-2.jpg 435w, https:\/\/protecnic.es\/wp-content\/uploads\/2020\/11\/NOTICIA-AYUDA-2-300x166.jpg 300w, https:\/\/protecnic.es\/wp-content\/uploads\/2020\/11\/NOTICIA-AYUDA-2-16x9.jpg 16w\" sizes=\"(max-width: 435px) 100vw, 435px\" \/>\r\n\r\n    <\/a>\r\n  <\/div>\r\n\r\n  <a class=\"title post_title\"  title=\"PROTECNIC, OBTIENE LA AYUDA DEL PROGRAMA PARA LA MEJORA DE LA COMPETITIVIDAD Y LA SOSTENIBILIDAD\" href=\"https:\/\/protecnic.es\/en\/protecnic-obtiene-la-ayuda-del-programa-para-la-mejora-de-la-competitividad-y-la-sostenibilidad\/?related_post_from=250\">\r\n        PROTECNIC, OBTIENE LA AYUDA DEL PROGRAMA PARA LA MEJORA DE LA COMPETITIVIDAD Y LA SOSTENIBILIDAD  <\/a>\r\n\r\n        <\/div>\r\n              <div class=\"item\">\r\n            <div class=\"thumb post_thumb\">\r\n    <a  title=\"PRESENTAMOS NUESTRO CAMBIO DE IMAGEN\" href=\"https:\/\/protecnic.es\/en\/presentamos-nuestro-cambio-de-imagen\/?related_post_from=648\">\r\n\r\n      <img loading=\"lazy\" width=\"2560\" height=\"1440\" src=\"https:\/\/protecnic.es\/wp-content\/uploads\/2021\/01\/LOGOS-PROTECNIC_LOGO-PROTECNIC-TAGLINE-scaled.jpg\" class=\"attachment-full size-full wp-post-image\" alt=\"logo protecnic\" decoding=\"async\" srcset=\"https:\/\/protecnic.es\/wp-content\/uploads\/2021\/01\/LOGOS-PROTECNIC_LOGO-PROTECNIC-TAGLINE-scaled.jpg 2560w, https:\/\/protecnic.es\/wp-content\/uploads\/2021\/01\/LOGOS-PROTECNIC_LOGO-PROTECNIC-TAGLINE-300x169.jpg 300w, https:\/\/protecnic.es\/wp-content\/uploads\/2021\/01\/LOGOS-PROTECNIC_LOGO-PROTECNIC-TAGLINE-1024x576.jpg 1024w, https:\/\/protecnic.es\/wp-content\/uploads\/2021\/01\/LOGOS-PROTECNIC_LOGO-PROTECNIC-TAGLINE-768x432.jpg 768w, https:\/\/protecnic.es\/wp-content\/uploads\/2021\/01\/LOGOS-PROTECNIC_LOGO-PROTECNIC-TAGLINE-1536x864.jpg 1536w, https:\/\/protecnic.es\/wp-content\/uploads\/2021\/01\/LOGOS-PROTECNIC_LOGO-PROTECNIC-TAGLINE-2048x1152.jpg 2048w, https:\/\/protecnic.es\/wp-content\/uploads\/2021\/01\/LOGOS-PROTECNIC_LOGO-PROTECNIC-TAGLINE-18x10.jpg 18w\" sizes=\"(max-width: 2560px) 100vw, 2560px\" \/>\r\n\r\n    <\/a>\r\n  <\/div>\r\n\r\n  <a class=\"title post_title\"  title=\"PRESENTAMOS NUESTRO CAMBIO DE IMAGEN\" href=\"https:\/\/protecnic.es\/en\/presentamos-nuestro-cambio-de-imagen\/?related_post_from=648\">\r\n        PRESENTAMOS NUESTRO CAMBIO DE IMAGEN  <\/a>\r\n\r\n        <\/div>\r\n              <div class=\"item\">\r\n            <div class=\"thumb post_thumb\">\r\n    <a  title=\"2021, EL A\u00d1O DE LAS INNOVACIONES PARA PROTECNIC\" href=\"https:\/\/protecnic.es\/en\/2021-el-ano-de-las-innovaciones-para-protecnic\/?related_post_from=651\">\r\n\r\n      <img loading=\"lazy\" width=\"1200\" height=\"675\" src=\"https:\/\/protecnic.es\/wp-content\/uploads\/2021\/01\/GIF-LOGO-25-ANOS.gif\" class=\"attachment-full size-full wp-post-image\" alt=\"\" decoding=\"async\" \/>\r\n\r\n    <\/a>\r\n  <\/div>\r\n\r\n  <a class=\"title post_title\"  title=\"2021, EL A\u00d1O DE LAS INNOVACIONES PARA PROTECNIC\" href=\"https:\/\/protecnic.es\/en\/2021-el-ano-de-las-innovaciones-para-protecnic\/?related_post_from=651\">\r\n        2021, EL A\u00d1O DE LAS INNOVACIONES PARA PROTECNIC  <\/a>\r\n\r\n        <\/div>\r\n      \r\n  <\/div>\r\n\r\n  <script>\r\n      <\/script>\r\n  <style>\r\n    .related-post {}\r\n\r\n    .related-post .post-list {\r\n      text-align: center;\r\n          }\r\n\r\n    .related-post .post-list .item {\r\n      margin: 10px;\r\n      padding: 25px;\r\n          }\r\n\r\n    .related-post .headline {\r\n      font-size: 18px !important;\r\n      color: #999999 !important;\r\n          }\r\n\r\n    .related-post .post-list .item .post_thumb {\r\n      max-height: 300px;\r\n      margin: 10px 0px;\r\n      padding: 0px;\r\n      display: block;\r\n          }\r\n\r\n    .related-post .post-list .item .post_title {\r\n      font-size: 16px;\r\n      color: #a83d72;\r\n      margin: 10px 0px;\r\n      padding: 0px;\r\n      line-height: bold;\r\n      display: block;\r\n      text-decoration: none;\r\n      font-weight: bold;    }\r\n\r\n    .related-post .post-list .item .post_excerpt {\r\n      font-size: 13px;\r\n      color: #3f3f3f;\r\n      margin: 10px 0px;\r\n      padding: 0px;\r\n      display: block;\r\n      text-decoration: none;\r\n          }\r\n\r\n    @media only screen and (min-width: 1024px) {\r\n      .related-post .post-list .item {\r\n        width: 20%;\r\n      }\r\n    }\r\n\r\n    @media only screen and (min-width: 768px) and (max-width: 1023px) {\r\n      .related-post .post-list .item {\r\n        width: 90%;\r\n      }\r\n    }\r\n\r\n    @media only screen and (min-width: 0px) and (max-width: 767px) {\r\n      .related-post .post-list .item {\r\n        width: 90%;\r\n      }\r\n    }\r\n\r\n      <\/style>\r\n    <\/div>","protected":false},"author":2,"featured_media":4573,"comment_status":"closed","ping_status":"open","sticky":false,"template":"","format":"standard","meta":{"footnotes":""},"categories":[10],"tags":[],"class_list":["post-4571","post","type-post","status-publish","format-standard","has-post-thumbnail","hentry","category-noticias"],"yoast_head":"<!-- This site is optimized with the Yoast SEO plugin v24.3 - https:\/\/yoast.com\/wordpress\/plugins\/seo\/ -->\n<title>\u00bfQu\u00e9 significa dise\u00f1o para la fabricaci\u00f3n? - Protecnic<\/title>\n<meta name=\"description\" content=\"Un dise\u00f1o mejor a menor coste es el objetivo de la filosof\u00eda de dise\u00f1o de productos conocida como &quot;dise\u00f1o para la fabricaci\u00f3n&quot;\" \/>\n<meta name=\"robots\" content=\"index, follow, max-snippet:-1, max-image-preview:large, max-video-preview:-1\" \/>\n<link rel=\"canonical\" href=\"https:\/\/protecnic.es\/en\/que-significa-diseno-para-la-fabricacion\/\" \/>\n<meta property=\"og:locale\" content=\"en_GB\" \/>\n<meta property=\"og:type\" content=\"article\" \/>\n<meta property=\"og:title\" content=\"\u00bfQu\u00e9 significa dise\u00f1o para la fabricaci\u00f3n? - Protecnic\" \/>\n<meta property=\"og:description\" content=\"Un dise\u00f1o mejor a menor coste es el objetivo de la filosof\u00eda de dise\u00f1o de productos conocida como &quot;dise\u00f1o para la fabricaci\u00f3n&quot;\" \/>\n<meta property=\"og:url\" content=\"https:\/\/protecnic.es\/en\/que-significa-diseno-para-la-fabricacion\/\" \/>\n<meta property=\"og:site_name\" content=\"Protecnic\" \/>\n<meta property=\"article:publisher\" content=\"https:\/\/www.facebook.com\/grupo.protecnic\" \/>\n<meta property=\"article:published_time\" content=\"2023-09-25T20:00:05+00:00\" \/>\n<meta property=\"article:modified_time\" content=\"2023-10-19T09:21:27+00:00\" \/>\n<meta property=\"og:image\" content=\"https:\/\/protecnic.es\/wp-content\/uploads\/2023\/09\/PORTADA-DISENO-PARA-LA-FABRICACION-80.jpg\" \/>\n\t<meta property=\"og:image:width\" content=\"1080\" \/>\n\t<meta property=\"og:image:height\" content=\"566\" \/>\n\t<meta property=\"og:image:type\" content=\"image\/jpeg\" \/>\n<meta name=\"author\" content=\"Mar\u00eda\" \/>\n<meta name=\"twitter:card\" content=\"summary_large_image\" \/>\n<meta name=\"twitter:label1\" content=\"Written by\" \/>\n\t<meta name=\"twitter:data1\" content=\"Mar\u00eda\" \/>\n\t<meta name=\"twitter:label2\" content=\"Estimated reading time\" \/>\n\t<meta name=\"twitter:data2\" content=\"2 minutes\" \/>\n<script type=\"application\/ld+json\" class=\"yoast-schema-graph\">{\"@context\":\"https:\/\/schema.org\",\"@graph\":[{\"@type\":\"WebPage\",\"@id\":\"https:\/\/protecnic.es\/que-significa-diseno-para-la-fabricacion\/\",\"url\":\"https:\/\/protecnic.es\/que-significa-diseno-para-la-fabricacion\/\",\"name\":\"\u00bfQu\u00e9 significa dise\u00f1o para la fabricaci\u00f3n? - Protecnic\",\"isPartOf\":{\"@id\":\"https:\/\/protecnic.es\/#website\"},\"primaryImageOfPage\":{\"@id\":\"https:\/\/protecnic.es\/que-significa-diseno-para-la-fabricacion\/#primaryimage\"},\"image\":{\"@id\":\"https:\/\/protecnic.es\/que-significa-diseno-para-la-fabricacion\/#primaryimage\"},\"thumbnailUrl\":\"https:\/\/protecnic.es\/wp-content\/uploads\/2023\/09\/PORTADA-DISENO-PARA-LA-FABRICACION-80.jpg\",\"datePublished\":\"2023-09-25T20:00:05+00:00\",\"dateModified\":\"2023-10-19T09:21:27+00:00\",\"author\":{\"@id\":\"https:\/\/protecnic.es\/#\/schema\/person\/5a59c7e91b4ec8214955e81ef9c7e4c1\"},\"description\":\"Un dise\u00f1o mejor a menor coste es el objetivo de la filosof\u00eda de dise\u00f1o de productos conocida como \\\"dise\u00f1o para la fabricaci\u00f3n\\\"\",\"breadcrumb\":{\"@id\":\"https:\/\/protecnic.es\/que-significa-diseno-para-la-fabricacion\/#breadcrumb\"},\"inLanguage\":\"en-GB\",\"potentialAction\":[{\"@type\":\"ReadAction\",\"target\":[\"https:\/\/protecnic.es\/que-significa-diseno-para-la-fabricacion\/\"]}]},{\"@type\":\"ImageObject\",\"inLanguage\":\"en-GB\",\"@id\":\"https:\/\/protecnic.es\/que-significa-diseno-para-la-fabricacion\/#primaryimage\",\"url\":\"https:\/\/protecnic.es\/wp-content\/uploads\/2023\/09\/PORTADA-DISENO-PARA-LA-FABRICACION-80.jpg\",\"contentUrl\":\"https:\/\/protecnic.es\/wp-content\/uploads\/2023\/09\/PORTADA-DISENO-PARA-LA-FABRICACION-80.jpg\",\"width\":1080,\"height\":566,\"caption\":\"Proceso de crear dise\u00f1os para la fabricaci\u00f3n\"},{\"@type\":\"BreadcrumbList\",\"@id\":\"https:\/\/protecnic.es\/que-significa-diseno-para-la-fabricacion\/#breadcrumb\",\"itemListElement\":[{\"@type\":\"ListItem\",\"position\":1,\"name\":\"Home\",\"item\":\"https:\/\/protecnic.es\/\"},{\"@type\":\"ListItem\",\"position\":2,\"name\":\"\u00bfQu\u00e9 significa dise\u00f1o para la fabricaci\u00f3n?\"}]},{\"@type\":\"WebSite\",\"@id\":\"https:\/\/protecnic.es\/#website\",\"url\":\"https:\/\/protecnic.es\/\",\"name\":\"Protecnic\",\"description\":\"Protecnic\",\"potentialAction\":[{\"@type\":\"SearchAction\",\"target\":{\"@type\":\"EntryPoint\",\"urlTemplate\":\"https:\/\/protecnic.es\/?s={search_term_string}\"},\"query-input\":{\"@type\":\"PropertyValueSpecification\",\"valueRequired\":true,\"valueName\":\"search_term_string\"}}],\"inLanguage\":\"en-GB\"},{\"@type\":\"Person\",\"@id\":\"https:\/\/protecnic.es\/#\/schema\/person\/5a59c7e91b4ec8214955e81ef9c7e4c1\",\"name\":\"Mar\u00eda\",\"image\":{\"@type\":\"ImageObject\",\"inLanguage\":\"en-GB\",\"@id\":\"https:\/\/protecnic.es\/#\/schema\/person\/image\/\",\"url\":\"https:\/\/secure.gravatar.com\/avatar\/5bafba370dadef92a0bd3b90f68ea750?s=96&d=mm&r=g\",\"contentUrl\":\"https:\/\/secure.gravatar.com\/avatar\/5bafba370dadef92a0bd3b90f68ea750?s=96&d=mm&r=g\",\"caption\":\"Mar\u00eda\"},\"url\":\"https:\/\/protecnic.es\/en\/author\/maria\/\"}]}<\/script>\n<!-- \/ Yoast SEO plugin. -->","yoast_head_json":{"title":"\u00bfQu\u00e9 significa dise\u00f1o para la fabricaci\u00f3n? - Protecnic","description":"Un dise\u00f1o mejor a menor coste es el objetivo de la filosof\u00eda de dise\u00f1o de productos conocida como \"dise\u00f1o para la fabricaci\u00f3n\"","robots":{"index":"index","follow":"follow","max-snippet":"max-snippet:-1","max-image-preview":"max-image-preview:large","max-video-preview":"max-video-preview:-1"},"canonical":"https:\/\/protecnic.es\/en\/que-significa-diseno-para-la-fabricacion\/","og_locale":"en_GB","og_type":"article","og_title":"\u00bfQu\u00e9 significa dise\u00f1o para la fabricaci\u00f3n? - Protecnic","og_description":"Un dise\u00f1o mejor a menor coste es el objetivo de la filosof\u00eda de dise\u00f1o de productos conocida como \"dise\u00f1o para la fabricaci\u00f3n\"","og_url":"https:\/\/protecnic.es\/en\/que-significa-diseno-para-la-fabricacion\/","og_site_name":"Protecnic","article_publisher":"https:\/\/www.facebook.com\/grupo.protecnic","article_published_time":"2023-09-25T20:00:05+00:00","article_modified_time":"2023-10-19T09:21:27+00:00","og_image":[{"width":1080,"height":566,"url":"https:\/\/protecnic.es\/wp-content\/uploads\/2023\/09\/PORTADA-DISENO-PARA-LA-FABRICACION-80.jpg","type":"image\/jpeg"}],"author":"Mar\u00eda","twitter_card":"summary_large_image","twitter_misc":{"Written by":"Mar\u00eda","Estimated reading time":"2 minutes"},"schema":{"@context":"https:\/\/schema.org","@graph":[{"@type":"WebPage","@id":"https:\/\/protecnic.es\/que-significa-diseno-para-la-fabricacion\/","url":"https:\/\/protecnic.es\/que-significa-diseno-para-la-fabricacion\/","name":"\u00bfQu\u00e9 significa dise\u00f1o para la fabricaci\u00f3n? - Protecnic","isPartOf":{"@id":"https:\/\/protecnic.es\/#website"},"primaryImageOfPage":{"@id":"https:\/\/protecnic.es\/que-significa-diseno-para-la-fabricacion\/#primaryimage"},"image":{"@id":"https:\/\/protecnic.es\/que-significa-diseno-para-la-fabricacion\/#primaryimage"},"thumbnailUrl":"https:\/\/protecnic.es\/wp-content\/uploads\/2023\/09\/PORTADA-DISENO-PARA-LA-FABRICACION-80.jpg","datePublished":"2023-09-25T20:00:05+00:00","dateModified":"2023-10-19T09:21:27+00:00","author":{"@id":"https:\/\/protecnic.es\/#\/schema\/person\/5a59c7e91b4ec8214955e81ef9c7e4c1"},"description":"Un dise\u00f1o mejor a menor coste es el objetivo de la filosof\u00eda de dise\u00f1o de productos conocida como \"dise\u00f1o para la fabricaci\u00f3n\"","breadcrumb":{"@id":"https:\/\/protecnic.es\/que-significa-diseno-para-la-fabricacion\/#breadcrumb"},"inLanguage":"en-GB","potentialAction":[{"@type":"ReadAction","target":["https:\/\/protecnic.es\/que-significa-diseno-para-la-fabricacion\/"]}]},{"@type":"ImageObject","inLanguage":"en-GB","@id":"https:\/\/protecnic.es\/que-significa-diseno-para-la-fabricacion\/#primaryimage","url":"https:\/\/protecnic.es\/wp-content\/uploads\/2023\/09\/PORTADA-DISENO-PARA-LA-FABRICACION-80.jpg","contentUrl":"https:\/\/protecnic.es\/wp-content\/uploads\/2023\/09\/PORTADA-DISENO-PARA-LA-FABRICACION-80.jpg","width":1080,"height":566,"caption":"Proceso de crear dise\u00f1os para la fabricaci\u00f3n"},{"@type":"BreadcrumbList","@id":"https:\/\/protecnic.es\/que-significa-diseno-para-la-fabricacion\/#breadcrumb","itemListElement":[{"@type":"ListItem","position":1,"name":"Home","item":"https:\/\/protecnic.es\/"},{"@type":"ListItem","position":2,"name":"\u00bfQu\u00e9 significa dise\u00f1o para la fabricaci\u00f3n?"}]},{"@type":"WebSite","@id":"https:\/\/protecnic.es\/#website","url":"https:\/\/protecnic.es\/","name":"Protecnic","description":"Protecnic","potentialAction":[{"@type":"SearchAction","target":{"@type":"EntryPoint","urlTemplate":"https:\/\/protecnic.es\/?s={search_term_string}"},"query-input":{"@type":"PropertyValueSpecification","valueRequired":true,"valueName":"search_term_string"}}],"inLanguage":"en-GB"},{"@type":"Person","@id":"https:\/\/protecnic.es\/#\/schema\/person\/5a59c7e91b4ec8214955e81ef9c7e4c1","name":"Mar\u00eda","image":{"@type":"ImageObject","inLanguage":"en-GB","@id":"https:\/\/protecnic.es\/#\/schema\/person\/image\/","url":"https:\/\/secure.gravatar.com\/avatar\/5bafba370dadef92a0bd3b90f68ea750?s=96&d=mm&r=g","contentUrl":"https:\/\/secure.gravatar.com\/avatar\/5bafba370dadef92a0bd3b90f68ea750?s=96&d=mm&r=g","caption":"Mar\u00eda"},"url":"https:\/\/protecnic.es\/en\/author\/maria\/"}]}},"jetpack_featured_media_url":"https:\/\/protecnic.es\/wp-content\/uploads\/2023\/09\/PORTADA-DISENO-PARA-LA-FABRICACION-80.jpg","_links":{"self":[{"href":"https:\/\/protecnic.es\/en\/wp-json\/wp\/v2\/posts\/4571"}],"collection":[{"href":"https:\/\/protecnic.es\/en\/wp-json\/wp\/v2\/posts"}],"about":[{"href":"https:\/\/protecnic.es\/en\/wp-json\/wp\/v2\/types\/post"}],"author":[{"embeddable":true,"href":"https:\/\/protecnic.es\/en\/wp-json\/wp\/v2\/users\/2"}],"replies":[{"embeddable":true,"href":"https:\/\/protecnic.es\/en\/wp-json\/wp\/v2\/comments?post=4571"}],"version-history":[{"count":5,"href":"https:\/\/protecnic.es\/en\/wp-json\/wp\/v2\/posts\/4571\/revisions"}],"predecessor-version":[{"id":4578,"href":"https:\/\/protecnic.es\/en\/wp-json\/wp\/v2\/posts\/4571\/revisions\/4578"}],"wp:featuredmedia":[{"embeddable":true,"href":"https:\/\/protecnic.es\/en\/wp-json\/wp\/v2\/media\/4573"}],"wp:attachment":[{"href":"https:\/\/protecnic.es\/en\/wp-json\/wp\/v2\/media?parent=4571"}],"wp:term":[{"taxonomy":"category","embeddable":true,"href":"https:\/\/protecnic.es\/en\/wp-json\/wp\/v2\/categories?post=4571"},{"taxonomy":"post_tag","embeddable":true,"href":"https:\/\/protecnic.es\/en\/wp-json\/wp\/v2\/tags?post=4571"}],"curies":[{"name":"wp","href":"https:\/\/api.w.org\/{rel}","templated":true}]}}